{"id":8805,"date":"2025-09-01T19:32:00","date_gmt":"2025-09-01T17:32:00","guid":{"rendered":"https:\/\/boulevardbd.com\/?p=8805"},"modified":"2025-09-01T19:32:00","modified_gmt":"2025-09-01T17:32:00","slug":"de-pierre-et-dos","status":"publish","type":"post","link":"https:\/\/boulevardbd.com\/index.php\/2025\/09\/01\/de-pierre-et-dos\/","title":{"rendered":"De pierre et d\u2019os"},"content":{"rendered":"\n<p class=\"has-text-align-right has-luminous-vivid-amber-color has-text-color has-link-color wp-elements-bf0de20ae09ddb00576696035cabb4e0\"><strong>Voyage au bout de l\u2019inuite<\/strong><\/p>\n\n\n\n<div class=\"wp-block-columns is-layout-flex wp-container-core-columns-is-layout-9d6595d7 wp-block-columns-is-layout-flex\">\n<div class=\"wp-block-column is-layout-flow wp-block-column-is-layout-flow\">\n<div class=\"wp-block-buttons is-content-justification-center is-layout-flex wp-container-core-buttons-is-layout-16018d1d wp-block-buttons-is-layout-flex\">\n<div class=\"wp-block-button is-style-outline is-style-outline--1\"><a class=\"wp-block-button__link has-luminous-vivid-amber-color has-text-color has-link-color wp-element-button\" href=\"https:\/\/creators.spotify.com\/pod\/profile\/laurent-lafourcade\/episodes\/De-pierre-et-dos-e37da1p\" target=\"_blank\" rel=\"noreferrer noopener\">Ecouter<\/a><\/div>\n<\/div>\n<\/div>\n\n\n\n<div class=\"wp-block-column is-layout-flow wp-block-column-is-layout-flow\">\n<div class=\"wp-block-buttons is-content-justification-center is-layout-flex wp-container-core-buttons-is-layout-16018d1d wp-block-buttons-is-layout-flex\">\n<div class=\"wp-block-button is-style-outline is-style-outline--2\"><a class=\"wp-block-button__link has-luminous-vivid-amber-color has-text-color has-link-color wp-element-button\" href=\"https:\/\/youtu.be\/yOiDf8_PEI8\" target=\"_blank\" rel=\"noreferrer noopener\">Regarder<\/a><\/div>\n<\/div>\n<\/div>\n<\/div>\n\n\n\n<p><strong><em>\u00ab\u00a0Aya Aya&nbsp;! La nuit est tomb\u00e9e. Nous avons march\u00e9. La banquise s\u2019est bris\u00e9e. Aya Aya&nbsp;! J\u2019avais une fille. L\u2019eau a ouvert sa bouche pour me l\u2019enlever. Elle est seule avec une dent d\u2019ours et quelques chiens. Je n\u2019entends plus ses pas. Je ne vois pas son chemin. Ce matin, la banquise m\u2019a parl\u00e9. Bient\u00f4t, bient\u00f4t, le jour va se lever et dans une poche de nuit elle va trouver quelqu\u2019un \u00e0 qui parler et tout oublier. En attendant, nous sommes toujours son p\u00e8re. Nous sommes toujours sa m\u00e8re. Nous sommes toujours sa s\u0153ur et son fr\u00e8re. Aya Aya&nbsp;! On se retrouvera plus tard un jour, au fond de l\u2019eau au royaume de Sedna. Aya Aya.\u00a0\u00bb<\/em><\/strong><\/p>\n\n\n\n<p>Dans un chant du p\u00e8re, l\u2019inuit raconte comment une banquise bris\u00e9e a s\u00e9par\u00e9 sa fille du reste de la famille. Uqsuralik a vu son destin emport\u00e9 par la fracture subite de la glace. La d\u00e9rive du bloc sur lequel elle s\u2019est retrouv\u00e9e isol\u00e9e allait la s\u00e9parer des siens pour l\u2019amener vers d\u2019autres rives, faire d\u2019autres rencontres, vivre une autre vie que celle qui lui \u00e9tait \u00e9crite. Ce n\u2019est que quelques heures plus tard que la jeune esquimaude allait s\u2019apercevoir qu\u2019un groupe de chien endormis sous la neige \u00e9tait dans la m\u00eame gal\u00e8re qu\u2019elle. Ils vont marcher ensemble dans le froid et la lumi\u00e8re des astres, jusqu\u2019\u00e0 rejoindre un groupe compos\u00e9 de trois familles ayant quitt\u00e9 un grand campement d\u2019hiver apr\u00e8s les f\u00eates du solstice car leurs r\u00e9serves de nourriture \u00e9taient \u00e9puis\u00e9es. Nouvelle vie, nouvel avenir. Nouveaux drames et nouvelles joies. La vie d\u2019Uqsuralik va s\u2019\u00e9crire au fil des saisons et des ans.<\/p>\n\n\n<div class=\"wp-block-image\">\n<figure class=\"aligncenter size-full\"><img loading=\"lazy\" decoding=\"async\" width=\"680\" height=\"789\" src=\"https:\/\/boulevardbd.com\/wp-content\/uploads\/2025\/09\/De-pierre-et-dos-4.jpg\" alt=\"\" class=\"wp-image-8806\" srcset=\"https:\/\/boulevardbd.com\/wp-content\/uploads\/2025\/09\/De-pierre-et-dos-4.jpg 680w, https:\/\/boulevardbd.com\/wp-content\/uploads\/2025\/09\/De-pierre-et-dos-4-259x300.jpg 259w\" sizes=\"auto, (max-width: 680px) 100vw, 680px\" \/><figcaption class=\"wp-element-caption\"><strong>\u00a9 Krassinsky &#8211; Dupuis<\/strong><\/figcaption><\/figure>\n<\/div>\n\n\n<p>R\u00e9compens\u00e9 du prix du roman Fnac, De pierre et d\u2019os est un roman paru en 2019 aux \u00e9ditions du Tripode. Son autrice, B\u00e9reng\u00e8re Cournut, l\u2019a \u00e9crit alors qu\u2019elle effectuait une r\u00e9sidence litt\u00e9raire de dix mois au Mus\u00e9um National d\u2019Histoire Naturelle. Elle signe une fiction ethnologique montrant les traditions et les modes de vie des populations arctiques. Elle s\u2019est essentiellement inspir\u00e9 des inuits d\u2019Ammassalik. Aid\u00e9e par Jo\u00eblle Robert-Lamblin, une anthropologue sp\u00e9cialiste des populations arctiques et des cultures du Gro\u00ebnland, l\u2019\u00e9crivaine s\u2019est mise dans la peau de cette jeune femme prise dans le tourbillon d\u2019une vie, au rythme de la nature sauvage. Pour autant, jamais l\u2019\u00e9poque n\u2019est pr\u00e9cis\u00e9e, comme pour laisser une distance, une intimit\u00e9, une universalit\u00e9 au voyage d\u2019Uqsuralik.<\/p>\n\n\n<div class=\"wp-block-image\">\n<figure class=\"aligncenter size-full\"><img loading=\"lazy\" decoding=\"async\" width=\"680\" height=\"838\" src=\"https:\/\/boulevardbd.com\/wp-content\/uploads\/2025\/09\/De-pierre-et-dos-5.jpg\" alt=\"\" class=\"wp-image-8807\" srcset=\"https:\/\/boulevardbd.com\/wp-content\/uploads\/2025\/09\/De-pierre-et-dos-5.jpg 680w, https:\/\/boulevardbd.com\/wp-content\/uploads\/2025\/09\/De-pierre-et-dos-5-243x300.jpg 243w\" sizes=\"auto, (max-width: 680px) 100vw, 680px\" \/><figcaption class=\"wp-element-caption\"><strong>\u00a9 Krassinsky &#8211; Dupuis<\/strong><\/figcaption><\/figure>\n<\/div>\n\n\n<p>On n\u2019attendait pas Jean-Paul Krassinsky dans une telle aventure. Le dessinateur \u00e0 la bibliographie plut\u00f4t railleuse et acide adapte un roman \u00e2pre, r\u00e9aliste et \u00e9mouvant. Quatre ans de travail lui auront \u00e9t\u00e9 n\u00e9cessaires pour s\u2019approprier la vie d\u2019Uqsuralik. Il n\u2019avait jamais effectu\u00e9 un tel type de voyage \u00e9motionnel, une telle exp\u00e9rience narrative. Il a gard\u00e9 de nombreux passages du texte original, s\u2019imposant des textes narratifs. Il a conserv\u00e9 les monologues de l\u2019h\u00e9ro\u00efne qui lient les s\u00e9quences entre elles. Il a dessin\u00e9 les go\u00fbts, les odeurs et les bruits d\u2019une civilisation \u00e0 la fois si proche et si lointaine de la n\u00f4tre. Si son graphisme a pris un virage r\u00e9aliste, l\u2019aquarelle lui permet d\u2019apporter un contraste, des suggestions, des textures et des ambiances, afin d\u2019\u00e9quivaloir aux vibrations du texte du roman.<\/p>\n\n\n<div class=\"wp-block-image\">\n<figure class=\"aligncenter size-full\"><img loading=\"lazy\" decoding=\"async\" width=\"680\" height=\"788\" src=\"https:\/\/boulevardbd.com\/wp-content\/uploads\/2025\/09\/De-pierre-et-dos-6.jpg\" alt=\"\" class=\"wp-image-8808\" srcset=\"https:\/\/boulevardbd.com\/wp-content\/uploads\/2025\/09\/De-pierre-et-dos-6.jpg 680w, https:\/\/boulevardbd.com\/wp-content\/uploads\/2025\/09\/De-pierre-et-dos-6-259x300.jpg 259w\" sizes=\"auto, (max-width: 680px) 100vw, 680px\" \/><figcaption class=\"wp-element-caption\"><strong>\u00a9 Krassinsky &#8211; Dupuis<\/strong><\/figcaption><\/figure>\n<\/div>\n\n\n<p>Le peuple pr\u00e9historique a eu sa Guerre du feu, gr\u00e2ce au roman immersif de Rosny-A\u00een\u00e9. Le peuple inuit a son De pierre et d\u2019os, gr\u00e2ce \u00e0 B\u00e9reng\u00e8re Cournut, qui, de la m\u00eame mani\u00e8re, raconte l\u2019aventure humaine d\u2019une \u00e9poque et d\u2019un lieu. Jean-Paul Krassinsky lui donne le plus bel habillage qui soit.<\/p>\n\n\n\n<hr class=\"wp-block-separator has-alpha-channel-opacity\"\/>\n\n\n\n<p><strong>One shot : <\/strong>De pierre et d\u2019os<\/p>\n\n\n\n<p><strong>Genre&nbsp;: <\/strong>Drame<\/p>\n\n\n\n<p><strong>Sc\u00e9nario, Dessins &amp; Couleurs&nbsp;: <\/strong>Jean-Paul Krassinsky<\/p>\n\n\n\n<p><strong>D\u2019apr\u00e8s&nbsp;:<\/strong> B\u00e9reng\u00e8re Cournut<\/p>\n\n\n\n<p><strong>\u00c9diteur :<\/strong> Dupuis<\/p>\n\n\n\n<p><strong>Collection&nbsp;:<\/strong> Aire Libre<\/p>\n\n\n\n<p><strong>ISBN&nbsp;:<\/strong> 9791034767069<\/p>\n\n\n\n<p><strong>Nombre de pages : <\/strong>208<\/p>\n\n\n\n<p><strong>Prix :<\/strong> 28 \u20ac<\/p>\n\n\n\n<hr class=\"wp-block-separator has-alpha-channel-opacity\"\/>\n","protected":false},"excerpt":{"rendered":"<p>Voyage au bout de l\u2019inuite \u00ab\u00a0Aya Aya&nbsp;! La nuit est tomb\u00e9e. Nous avons march\u00e9. La banquise s\u2019est bris\u00e9e. Aya Aya&nbsp;! J\u2019avais une fille. L\u2019eau a ouvert sa bouche pour me l\u2019enlever. Elle est seule avec une dent d\u2019ours et quelques chiens. Je n\u2019entends plus ses pas. Je ne vois pas son chemin. Ce matin, la &#8230; <a href=\"https:\/\/boulevardbd.com\/index.php\/2025\/09\/01\/de-pierre-et-dos\/\" class=\"more-link\">Lire plus<span class=\"screen-reader-text\"> \u00ab\u00a0De pierre et d\u2019os\u00a0\u00bb<\/span> &raquo;<\/a><\/p>\n","protected":false},"author":1,"featured_media":8809,"comment_status":"open","ping_status":"open","sticky":false,"template":"","format":"standard","meta":{"content-type":"","_jetpack_memberships_contains_paid_content":false,"footnotes":""},"categories":[16,981,31],"tags":[735,7],"class_list":["post-8805","post","type-post","status-publish","format-standard","has-post-thumbnail","hentry","category-chroniques","category-drame-chroniques","category-litterature-adaptation","tag-aire-libre","tag-editions-dupuis"],"jetpack_featured_media_url":"https:\/\/boulevardbd.com\/wp-content\/uploads\/2025\/09\/De-pierre-et-dos-1.jpg","jetpack_sharing_enabled":true,"_links":{"self":[{"href":"https:\/\/boulevardbd.com\/index.php\/wp-json\/wp\/v2\/posts\/8805","targetHints":{"allow":["GET"]}}],"collection":[{"href":"https:\/\/boulevardbd.com\/index.php\/wp-json\/wp\/v2\/posts"}],"about":[{"href":"https:\/\/boulevardbd.com\/index.php\/wp-json\/wp\/v2\/types\/post"}],"author":[{"embeddable":true,"href":"https:\/\/boulevardbd.com\/index.php\/wp-json\/wp\/v2\/users\/1"}],"replies":[{"embeddable":true,"href":"https:\/\/boulevardbd.com\/index.php\/wp-json\/wp\/v2\/comments?post=8805"}],"version-history":[{"count":1,"href":"https:\/\/boulevardbd.com\/index.php\/wp-json\/wp\/v2\/posts\/8805\/revisions"}],"predecessor-version":[{"id":8810,"href":"https:\/\/boulevardbd.com\/index.php\/wp-json\/wp\/v2\/posts\/8805\/revisions\/8810"}],"wp:featuredmedia":[{"embeddable":true,"href":"https:\/\/boulevardbd.com\/index.php\/wp-json\/wp\/v2\/media\/8809"}],"wp:attachment":[{"href":"https:\/\/boulevardbd.com\/index.php\/wp-json\/wp\/v2\/media?parent=8805"}],"wp:term":[{"taxonomy":"category","embeddable":true,"href":"https:\/\/boulevardbd.com\/index.php\/wp-json\/wp\/v2\/categories?post=8805"},{"taxonomy":"post_tag","embeddable":true,"href":"https:\/\/boulevardbd.com\/index.php\/wp-json\/wp\/v2\/tags?post=8805"}],"curies":[{"name":"wp","href":"https:\/\/api.w.org\/{rel}","templated":true}]}}