{"id":819,"date":"2023-02-22T15:54:38","date_gmt":"2023-02-22T14:54:38","guid":{"rendered":"http:\/\/boulevardbd.com\/?p=819"},"modified":"2023-03-03T22:36:28","modified_gmt":"2023-03-03T21:36:28","slug":"visages-ceux-que-nous-sommes-1-derriere-les-signes-ennemis","status":"publish","type":"post","link":"https:\/\/boulevardbd.com\/index.php\/2023\/02\/22\/visages-ceux-que-nous-sommes-1-derriere-les-signes-ennemis\/","title":{"rendered":"<strong>Visages &#8211; Ceux que nous sommes 1 \u2013 Derri\u00e8re les signes ennemis<\/strong>"},"content":{"rendered":"\n<p class=\"has-text-align-right has-luminous-vivid-amber-color has-text-color\"><strong>\u00ab\u00a0Etre n\u00e9 quelque part, pour celui qui est n\u00e9, c&rsquo;est toujours un hasard\u00a0\u00bb<\/strong><\/p>\n\n\n\n<div class=\"wp-block-columns is-layout-flex wp-container-core-columns-is-layout-9d6595d7 wp-block-columns-is-layout-flex\">\n<div class=\"wp-block-column is-layout-flow wp-block-column-is-layout-flow\">\n<div class=\"wp-block-buttons is-layout-flex wp-block-buttons-is-layout-flex\">\n<div class=\"wp-block-button aligncenter is-style-outline is-style-outline--1\"><a class=\"wp-block-button__link has-luminous-vivid-amber-color has-text-color wp-element-button\" href=\"https:\/\/open.spotify.com\/episode\/5bEfexAp6yep9rwZ3PN09U?si=05469a4a0f82454e\" target=\"_blank\" rel=\"noreferrer noopener\">Ecouter<\/a><\/div>\n<\/div>\n<\/div>\n\n\n\n<div class=\"wp-block-column is-layout-flow wp-block-column-is-layout-flow\">\n<div class=\"wp-block-buttons is-layout-flex wp-block-buttons-is-layout-flex\">\n<div class=\"wp-block-button aligncenter is-style-outline is-style-outline--2\"><a class=\"wp-block-button__link has-luminous-vivid-amber-color has-text-color wp-element-button\" href=\"https:\/\/youtu.be\/U4anbqj6c7s\" target=\"_blank\" rel=\"noreferrer noopener\">Regarder<\/a><\/div>\n<\/div>\n<\/div>\n<\/div>\n\n\n\n<p><strong><em>\u00ab\u00a0-Ben moi, mon p\u00e8re, c&rsquo;\u00e9tait un h\u00e9ros de guerre !<\/em><\/strong><\/p>\n\n\n\n<p><strong><em>-Le mien, il a tu\u00e9 au moins 1000 fran\u00e7ais !<\/em><\/strong><\/p>\n\n\n\n<p><strong><em>-Ben le mien, il est m\u00eame pas mort\u2026 Et il va bient\u00f4t venir me chercher avec ma m\u00e8re !<\/em><\/strong><\/p>\n\n\n\n<p><strong><em>(\u2026)<\/em><\/strong><\/p>\n\n\n\n<p><strong><em>-Bonjour, ma s\u0153ur\u2026 Pourquoi personne ne veut me parler ?\u00a0\u00bb<\/em><\/strong><\/p>\n\n\n\n<p>1927. Dans un orphelinat catholique du Sud de l&rsquo;Allemagne, Georg, un jeune gar\u00e7on est bien esseul\u00e9. Personne ne veut lui parler, aucun de ses camarades. Lorsqu&rsquo;il en demande la raison \u00e0 une religieuse de l&rsquo;institution, il n&rsquo;a pour r\u00e9ponse qu&rsquo;une gifle et une insulte : \u00ab\u00a0Bastard !!!\u00a0\u00bb. La nuit suivante, il entre par effraction dans le bureau o\u00f9 sont rang\u00e9s les dossiers de chacun des orphelins pour consulter le sien. Il en a la confirmation. Il est un b\u00e2tard, comme on le disait vulgairement. Son p\u00e8re est fran\u00e7ais, sa m\u00e8re est allemande. Il subtilise un m\u00e9daillon dans lequel il y a une photo de chacun d&rsquo;entre eux. Il n&rsquo;a pas l&rsquo;intention d&rsquo;attendre qu&rsquo;ils viennent le chercher. Georg s&rsquo;enfuit. Il compte les retrouver. Dans quelques ann\u00e9es, il sera sur le front. Lors de la guerre pr\u00e9c\u00e9dente, ce sont ses parents qui y \u00e9taient, lui, poilu dans l&rsquo;arm\u00e9e fran\u00e7aise, elle, infirmi\u00e8re allemande. Comment se sont-ils rencontr\u00e9s ? Comment est n\u00e9e leur histoire d&rsquo;amour ?<\/p>\n\n\n<div class=\"wp-block-image\">\n<figure class=\"aligncenter size-full\"><img loading=\"lazy\" decoding=\"async\" width=\"600\" height=\"797\" src=\"https:\/\/boulevardbd.com\/wp-content\/uploads\/2023\/02\/Visages-ceux-que-nous-sommes-1-2.jpg\" alt=\"\" class=\"wp-image-820\" srcset=\"https:\/\/boulevardbd.com\/wp-content\/uploads\/2023\/02\/Visages-ceux-que-nous-sommes-1-2.jpg 600w, https:\/\/boulevardbd.com\/wp-content\/uploads\/2023\/02\/Visages-ceux-que-nous-sommes-1-2-226x300.jpg 226w\" sizes=\"auto, (max-width: 600px) 100vw, 600px\" \/><figcaption class=\"wp-element-caption\"><strong>\u00a9 Ponsard-Gutknecht, Beausang-O&rsquo;Griafa, Morini\u00e8re &#8211; Gl\u00e9nat<\/strong><\/figcaption><\/figure>\n<\/div>\n\n\n<p>\u00ab\u00a0L&rsquo;Histoire est le visage de l&rsquo;aventure humaine.\u00a0\u00bb Si tout un chacun tente d&rsquo;\u00e9crire l&rsquo;histoire de sa vie, le XX<sup>\u00e8me<\/sup> si\u00e8cle l&rsquo;a fait \u00e0 la place de millions d&rsquo;hommes et de femmes. De 1900 \u00e0 1954, les auteurs de la s\u00e9rie concept Visages &#8211; Ceux que nous sommes racontent sur trois g\u00e9n\u00e9rations la destin\u00e9e de cinq membres d&rsquo;une m\u00eame famille. Les sc\u00e9naristes Nathalie Ponsard-Gutknecht et Miceal Beausang-O&rsquo;Griafa ne choisissent pas une narration lin\u00e9aire mais passent d&rsquo;une \u00e9poque \u00e0 l&rsquo;autre sans jamais perdre le lecteur. On commence en 1927, on poursuit en 1940, on continue en 1914 pour aller jusqu&rsquo;en 1918. Les auteurs nous plongent au c\u0153ur de la Grande Guerre avec pour toile de fond l&rsquo;histoire d&rsquo;amour entre Lieselotte Ruf et Louis Kerbraz.<\/p>\n\n\n\n<p>Toutes les histoires sont des histoires d&rsquo;amour, m\u00eame les histoires de guerre. Visages-Ceux que nous sommes, c&rsquo;est tout cela tout en allant bien plus loin. Une citation de Gauguin, titre de l&rsquo;un de ses tableaux les plus fameux, l&rsquo;annonce en pr\u00e9ambule : \u00ab\u00a0D&rsquo;o\u00f9 venons-nous ? Que sommes-nous ? O\u00f9 allons-nous ?\u00a0\u00bb. Georg cherche ses origines, qui il est et la fa\u00e7on dont il peut, dont il doit prendre en mains son destin avec le poids de sa g\u00e9n\u00e9alogie. Mais si c&rsquo;est bien lui qui lance la saga, ce sont bel et bien ses parents qui sont au c\u0153ur de ce premier \u00e9pisode. Leur rencontre \u00e9tait si improbable qu&rsquo;elle s&rsquo;est produite. Et, comme pour faire un pied de nez \u00e0 Gauguin, c&rsquo;est l&rsquo;art qui les r\u00e9unit. Si elle est photographe, lui est un dessinateur mais aussi un artisan qui transforme les douilles en bijoux. Les auteurs posent \u00e9galement la question de la croyance et de la religion, sans en parler, en organisant la rencontre entre Lieselotte et Louis dans une \u00e9glise \u00e0 moiti\u00e9 d\u00e9truite. Quand l&rsquo;on fait face \u00e0 un drame, les rapports avec le divin s&rsquo;en trouvent boulevers\u00e9s, dans un sens comme dans l&rsquo;autre.<\/p>\n\n\n<div class=\"wp-block-image\">\n<figure class=\"aligncenter size-full\"><img loading=\"lazy\" decoding=\"async\" width=\"600\" height=\"797\" src=\"https:\/\/boulevardbd.com\/wp-content\/uploads\/2023\/02\/Visages-ceux-que-nous-sommes-1-3.jpg\" alt=\"\" class=\"wp-image-821\" srcset=\"https:\/\/boulevardbd.com\/wp-content\/uploads\/2023\/02\/Visages-ceux-que-nous-sommes-1-3.jpg 600w, https:\/\/boulevardbd.com\/wp-content\/uploads\/2023\/02\/Visages-ceux-que-nous-sommes-1-3-226x300.jpg 226w\" sizes=\"auto, (max-width: 600px) 100vw, 600px\" \/><figcaption class=\"wp-element-caption\"><strong>\u00a9 Ponsard-Gutknecht, Beausang-O&rsquo;Griafa, Morini\u00e8re &#8211; Gl\u00e9nat<\/strong><\/figcaption><\/figure>\n<\/div>\n\n\n<p>Le dessinateur Aur\u00e9lien Morini\u00e8re n&rsquo;avait rien publi\u00e9 depuis pr\u00e8s de trois ans avec le thriller L&rsquo;homme bouc. Et pour cause. Il \u00e9tait occup\u00e9 sur cette nouvelle s\u00e9rie dont les quatre volumes sont annonc\u00e9s pour cette ann\u00e9e. Il fallait donc prendre un peu d&rsquo;avance. Morini\u00e8re d\u00e9peint la violence des sentiments avec force et celle de la guerre avec une cruaut\u00e9 froide. Il d\u00e9montre que quelque soit leur camp les soldats n&rsquo;avaient pas d&rsquo;autre choix que de tuer, soit pour survivre, soit parce qu&rsquo;ils \u00e9taient emport\u00e9s par la meute. Ses grandes cases sont majestueuses, que ce soit ces soldats marchant dans la for\u00eat des Ardennes, ou bien le lieu de culte dans lequel se fait la rencontre qui scellera le destin du futur Georg.<\/p>\n\n\n\n<p>R\u00e9alis\u00e9 par les sc\u00e9naristes de la s\u00e9rie, un cahier documentaire compl\u00e8te l&rsquo;album. Il y est question du Hartmannswillerkopf, \u00e9peron rocheux sur lequel ont p\u00e9ri ou ont \u00e9t\u00e9 bless\u00e9s 30000 soldats, de la Prusse, de l&rsquo;Allemagne, de Versailles et de son trait\u00e9, du vote des femmes en Allemagne, d\u00e8s 1919, de l&rsquo;artisanat des tranch\u00e9es, dont il est fortement question dans l&rsquo;album. On y parle \u00e9galement de la bataille de l&rsquo;Yser, de celle de Dixmude et du 87<sup>\u00e8me<\/sup> r\u00e9giment de fusiliers marins bretons. Tout cela serait incomplet sans l&rsquo;exposition <em>Visages. ceux que nous sommes<\/em>&nbsp;au Goethe-Institut de Paris jusqu&rsquo;au 11 mars. Au cours d\u2019un parcours pens\u00e9 pour les scolaires et pour le tout public, les visiteurs et visiteuses d\u00e9couvriront la saga tourment\u00e9e de cette famille d\u00e9chir\u00e9e sur trois g\u00e9n\u00e9rations. Sur un fond historique authentique, de 1900 \u00e0 1954, ils suivront la destin\u00e9e de ces quatre personnages de nationalit\u00e9s et de g\u00e9n\u00e9rations diff\u00e9rentes. Des visites pour groupes scolaires, de dur\u00e9es flexibles, sont \u00e9galement possibles. L&rsquo;exposition voyagera ensuite dans les diff\u00e9rents Goethe-Instituts de France.<\/p>\n\n\n<div class=\"wp-block-image\">\n<figure class=\"aligncenter size-full\"><img loading=\"lazy\" decoding=\"async\" width=\"600\" height=\"797\" src=\"https:\/\/boulevardbd.com\/wp-content\/uploads\/2023\/02\/Visages-ceux-que-nous-sommes-1-4.jpg\" alt=\"\" class=\"wp-image-822\" srcset=\"https:\/\/boulevardbd.com\/wp-content\/uploads\/2023\/02\/Visages-ceux-que-nous-sommes-1-4.jpg 600w, https:\/\/boulevardbd.com\/wp-content\/uploads\/2023\/02\/Visages-ceux-que-nous-sommes-1-4-226x300.jpg 226w\" sizes=\"auto, (max-width: 600px) 100vw, 600px\" \/><figcaption class=\"wp-element-caption\"><strong>\u00a9 Ponsard-Gutknecht, Beausang-O&rsquo;Griafa, Morini\u00e8re &#8211; Gl\u00e9nat<\/strong><\/figcaption><\/figure>\n<\/div>\n\n\n<p>Le vingti\u00e8me si\u00e8cle est certainement l&rsquo;un des plus sombres de l&rsquo;Histoire de l&rsquo;humanit\u00e9. \u00ab\u00a0D&rsquo;o\u00f9 venons-nous ? Que sommes-nous ? O\u00f9 allons-nous ?\u00a0\u00bb. Accompagnons Georg pour trouver la r\u00e9ponse \u00e0 ces questions. Si tant est qu&rsquo;il y en ait une.<\/p>\n\n\n\n<hr class=\"wp-block-separator has-alpha-channel-opacity\"\/>\n\n\n\n<p><strong>S\u00e9rie : <\/strong>Visages &#8211; Ceux que nous sommes<\/p>\n\n\n\n<p><strong>Tome : <\/strong>1 \u2013 Derri\u00e8re les signes ennemis<\/p>\n\n\n\n<p><strong>Genre&nbsp;: <\/strong>Histoire<\/p>\n\n\n\n<p><strong>Sc\u00e9nario&nbsp;: <\/strong>Nathalie Ponsard-Gutknecht &amp; Miceal Beausang-O&rsquo;Griafa<\/p>\n\n\n\n<p><strong>Dessins&nbsp;&amp; Couleurs&nbsp;: <\/strong>Aur\u00e9lien Morini\u00e8re<strong><\/strong><\/p>\n\n\n\n<p><strong>\u00c9diteur :<\/strong> Gl\u00e9nat<\/p>\n\n\n\n<p><strong>ISBN&nbsp;: <\/strong>9782344022924<\/p>\n\n\n\n<p><strong>Nombre de pages : <\/strong>56<\/p>\n\n\n\n<p><strong>Prix :<\/strong> 14,95 \u20ac<\/p>\n\n\n\n<hr class=\"wp-block-separator has-alpha-channel-opacity\"\/>\n","protected":false},"excerpt":{"rendered":"<p>\u00ab\u00a0Etre n\u00e9 quelque part, pour celui qui est n\u00e9, c&rsquo;est toujours un hasard\u00a0\u00bb \u00ab\u00a0-Ben moi, mon p\u00e8re, c&rsquo;\u00e9tait un h\u00e9ros de guerre ! -Le mien, il a tu\u00e9 au moins 1000 fran\u00e7ais ! -Ben le mien, il est m\u00eame pas mort\u2026 Et il va bient\u00f4t venir me chercher avec ma m\u00e8re ! (\u2026) -Bonjour, ma &#8230; <a href=\"https:\/\/boulevardbd.com\/index.php\/2023\/02\/22\/visages-ceux-que-nous-sommes-1-derriere-les-signes-ennemis\/\" class=\"more-link\">Lire plus<span class=\"screen-reader-text\"> \u00ab\u00a0<strong>Visages &#8211; Ceux que nous sommes 1 \u2013 Derri\u00e8re les signes ennemis<\/strong>\u00ab\u00a0<\/span> &raquo;<\/a><\/p>\n","protected":false},"author":1,"featured_media":823,"comment_status":"open","ping_status":"open","sticky":false,"template":"","format":"standard","meta":{"content-type":"","_jetpack_memberships_contains_paid_content":false,"footnotes":""},"categories":[16,25],"tags":[66,134,65,9,6,59,64,200,199,28],"class_list":["post-819","post","type-post","status-publish","format-standard","has-post-thumbnail","hentry","category-chroniques","category-histoire","tag-14-18","tag-39-45","tag-allemagne","tag-amour","tag-bd","tag-editions-glenat","tag-france","tag-gauguin","tag-generations","tag-guerre"],"jetpack_featured_media_url":"https:\/\/boulevardbd.com\/wp-content\/uploads\/2023\/02\/Visages-ceux-que-nous-sommes-1-1.jpg","jetpack_sharing_enabled":true,"_links":{"self":[{"href":"https:\/\/boulevardbd.com\/index.php\/wp-json\/wp\/v2\/posts\/819","targetHints":{"allow":["GET"]}}],"collection":[{"href":"https:\/\/boulevardbd.com\/index.php\/wp-json\/wp\/v2\/posts"}],"about":[{"href":"https:\/\/boulevardbd.com\/index.php\/wp-json\/wp\/v2\/types\/post"}],"author":[{"embeddable":true,"href":"https:\/\/boulevardbd.com\/index.php\/wp-json\/wp\/v2\/users\/1"}],"replies":[{"embeddable":true,"href":"https:\/\/boulevardbd.com\/index.php\/wp-json\/wp\/v2\/comments?post=819"}],"version-history":[{"count":4,"href":"https:\/\/boulevardbd.com\/index.php\/wp-json\/wp\/v2\/posts\/819\/revisions"}],"predecessor-version":[{"id":998,"href":"https:\/\/boulevardbd.com\/index.php\/wp-json\/wp\/v2\/posts\/819\/revisions\/998"}],"wp:featuredmedia":[{"embeddable":true,"href":"https:\/\/boulevardbd.com\/index.php\/wp-json\/wp\/v2\/media\/823"}],"wp:attachment":[{"href":"https:\/\/boulevardbd.com\/index.php\/wp-json\/wp\/v2\/media?parent=819"}],"wp:term":[{"taxonomy":"category","embeddable":true,"href":"https:\/\/boulevardbd.com\/index.php\/wp-json\/wp\/v2\/categories?post=819"},{"taxonomy":"post_tag","embeddable":true,"href":"https:\/\/boulevardbd.com\/index.php\/wp-json\/wp\/v2\/tags?post=819"}],"curies":[{"name":"wp","href":"https:\/\/api.w.org\/{rel}","templated":true}]}}