{"id":7764,"date":"2025-03-16T23:18:42","date_gmt":"2025-03-16T22:18:42","guid":{"rendered":"https:\/\/boulevardbd.com\/?p=7764"},"modified":"2025-03-16T23:18:42","modified_gmt":"2025-03-16T22:18:42","slug":"robert-badinter-au-nom-de-la-justice","status":"publish","type":"post","link":"https:\/\/boulevardbd.com\/index.php\/2025\/03\/16\/robert-badinter-au-nom-de-la-justice\/","title":{"rendered":"Robert Badinter Au nom de la justice"},"content":{"rendered":"\n<p class=\"has-text-align-right has-luminous-vivid-amber-color has-text-color has-link-color wp-elements-ee61b6e95a7aadb0864a974080f53fea\"><strong>L\u2019avocat qui a dit stop<\/strong><\/p>\n\n\n\n<div class=\"wp-block-columns is-layout-flex wp-container-core-columns-is-layout-9d6595d7 wp-block-columns-is-layout-flex\">\n<div class=\"wp-block-column is-layout-flow wp-block-column-is-layout-flow\">\n<div class=\"wp-block-buttons is-content-justification-center is-layout-flex wp-container-core-buttons-is-layout-16018d1d wp-block-buttons-is-layout-flex\">\n<div class=\"wp-block-button is-style-outline is-style-outline--1\"><a class=\"wp-block-button__link has-luminous-vivid-amber-color has-text-color has-link-color wp-element-button\" href=\"https:\/\/creators.spotify.com\/pod\/show\/laurent-lafourcade\/episodes\/Robert-Badinter-Au-nom-de-la-justice-e3039g9\" target=\"_blank\" rel=\"noreferrer noopener\">Ecouter<\/a><\/div>\n<\/div>\n<\/div>\n\n\n\n<div class=\"wp-block-column is-layout-flow wp-block-column-is-layout-flow\">\n<div class=\"wp-block-buttons is-content-justification-center is-layout-flex wp-container-core-buttons-is-layout-16018d1d wp-block-buttons-is-layout-flex\">\n<div class=\"wp-block-button is-style-outline is-style-outline--2\"><a class=\"wp-block-button__link has-luminous-vivid-amber-color has-text-color has-link-color wp-element-button\" href=\"https:\/\/youtu.be\/MU2jb5CTlPk\" target=\"_blank\" rel=\"noreferrer noopener\">Regarder<\/a><\/div>\n<\/div>\n<\/div>\n<\/div>\n\n\n\n<p><strong><em>\u00ab\u00a0-Je sais bien qu&rsquo;on vous encourage aujourd&rsquo;hui \u00e0 voter la mort. L&rsquo;opinion, les m\u00e9dias, la foule amass\u00e9e devant ce tribunal qui vocif\u00e8re, vous encourage, mais vous savez bien qu&rsquo;un jour la peine de mort sera abolie. (\u2026) Alors le temps passera. C&rsquo;en sera fini du tumulte, des encouragements, et vous demeurerez seuls avec votre jugement. Vous resterez seuls avec votre jugement. Et vos enfants, vos petits-enfants sauront un jour que vous avez d\u00e9cid\u00e9 la mort d&rsquo;un homme\u2026\u00a0\u00bb (Robert Badinter)<\/em><\/strong><\/p>\n\n\n\n<p>&nbsp;&nbsp;&nbsp;&nbsp;&nbsp;&nbsp;&nbsp;&nbsp;&nbsp;&nbsp;&nbsp;&nbsp;&nbsp;&nbsp;&nbsp; Robert Badinter est n\u00e9 \u00e0 Paris le 30 mars 1928. Ses parents ont immigr\u00e9 de Bessarabie (aujourd&rsquo;hui la Moldavie). Ils ont fui la discrimination juive et sont \u00e0 pr\u00e9sent naturalis\u00e9s fran\u00e7ais. La France est le premier pays \u00e0 avoir reconnu aux juifs le statut de citoyens en 1791. Pour Simon, le p\u00e8re de Robert, la France, c&rsquo;est la R\u00e9publique et l&rsquo;\u00e9galit\u00e9. Il n&rsquo;imagine pas les ann\u00e9es sombres qui allaient suivre. La famille fait fortune dans le commerce de la fourrure et emm\u00e9nage dans un chic appartement parisien. L&rsquo;antis\u00e9mitisme monte en France et la guerre est d\u00e9clar\u00e9e. Les juifs sont mis au pilori. Simon Badinter est arr\u00eat\u00e9. Robert, son fr\u00e8re et sa m\u00e8re fuient en zone libre. Apr\u00e8s la guerre, c&rsquo;est le retour \u00e0 Paris o\u00f9 il faudra tout reconstruire. Simon, lui, ne reviendra jamais de d\u00e9portation.<\/p>\n\n\n<div class=\"wp-block-image\">\n<figure class=\"aligncenter size-full\"><img loading=\"lazy\" decoding=\"async\" width=\"680\" height=\"895\" src=\"https:\/\/boulevardbd.com\/wp-content\/uploads\/2025\/03\/Robert-Badinter-au-nom-de-la-justice-2.jpg\" alt=\"\" class=\"wp-image-7766\" srcset=\"https:\/\/boulevardbd.com\/wp-content\/uploads\/2025\/03\/Robert-Badinter-au-nom-de-la-justice-2.jpg 680w, https:\/\/boulevardbd.com\/wp-content\/uploads\/2025\/03\/Robert-Badinter-au-nom-de-la-justice-2-228x300.jpg 228w\" sizes=\"auto, (max-width: 680px) 100vw, 680px\" \/><figcaption class=\"wp-element-caption\">&nbsp;<strong>\u00a9 Le Naour, Marko &#8211; Dunod Graphic<\/strong><\/figcaption><\/figure>\n<\/div>\n\n\n<p>&nbsp;&nbsp;&nbsp;&nbsp;&nbsp;&nbsp;&nbsp;&nbsp;&nbsp;&nbsp;&nbsp;&nbsp;&nbsp;&nbsp;&nbsp; Robert est orphelin. Il est humili\u00e9. Il est le fils de l&rsquo;homme traqu\u00e9, d\u00e9poss\u00e9d\u00e9 de ses droits, pers\u00e9cut\u00e9, assassin\u00e9 et dont il gardera \u00e0 jamais le souvenir. C&rsquo;est l\u00e0 qu&rsquo;il faut trouver les raisons de son engagement pour la justice et pour le droit. Il voulait devenir professeur de droit. Devant attendre l\u2019\u00e2ge de 25 ans avant de passer l&rsquo;agr\u00e9gation, pour patienter, il passe, sans conviction, un certificat d&rsquo;aptitude au m\u00e9tier d&rsquo;avocat. Apr\u00e8s s&rsquo;\u00eatre fait la main sur des proc\u00e8s de divorces, il entre dans l&rsquo;\u00e9quipe d&rsquo;Henry Torr\u00e8s, un t\u00e9nor du barreau, ancien r\u00e9sistant. Il devient l&rsquo;avocat du show-biz. En 1956, il rencontre l&rsquo;actrice Anne Vernon qui deviendra sa premi\u00e8re \u00e9pouse. Ils se quitteront en 1964. Deux ans plus tard, Robert fait la connaissance d&rsquo;Elizabeth avec qui ils auront trois enfants.<\/p>\n\n\n<div class=\"wp-block-image\">\n<figure class=\"aligncenter size-full\"><img loading=\"lazy\" decoding=\"async\" width=\"680\" height=\"892\" src=\"https:\/\/boulevardbd.com\/wp-content\/uploads\/2025\/03\/Robert-Badinter-au-nom-de-la-justice-3.jpg\" alt=\"\" class=\"wp-image-7767\" srcset=\"https:\/\/boulevardbd.com\/wp-content\/uploads\/2025\/03\/Robert-Badinter-au-nom-de-la-justice-3.jpg 680w, https:\/\/boulevardbd.com\/wp-content\/uploads\/2025\/03\/Robert-Badinter-au-nom-de-la-justice-3-229x300.jpg 229w\" sizes=\"auto, (max-width: 680px) 100vw, 680px\" \/><figcaption class=\"wp-element-caption\">&nbsp;<strong>\u00a9 Le Naour, Marko &#8211; Dunod Graphic<\/strong><\/figcaption><\/figure>\n<\/div>\n\n\n<p>&nbsp;&nbsp;&nbsp;&nbsp;&nbsp;&nbsp;&nbsp;&nbsp;&nbsp;&nbsp;&nbsp;&nbsp;&nbsp;&nbsp;&nbsp; Entretemps, l&rsquo;engagement en politique de Robert Badinter a pris de l&rsquo;ampleur, tout d&rsquo;abord aux c\u00f4t\u00e9s de Pierre Mend\u00e8s France. Alors qu&rsquo;il m\u00e8ne une vie bourgeoise, Badinter a choisi de s&rsquo;engager \u00e0 gauche parce qu&rsquo;il d\u00e9fend la justice, garantie par l&rsquo;\u00e9galit\u00e9 devant la loi et parce que la justice est totale, indivisible, qu&rsquo;elle est aussi sociale et fiscale. Il est un social-d\u00e9mocrate, partisan de la redistribution mais pas de la confiscation. En 1971, l&rsquo;affaire Buffet-Bontems relance le d\u00e9bat sur la peine de mort. Ces deux d\u00e9tenus sont \u00e0 l&rsquo;origine d&rsquo;une prise d&rsquo;otage qui tourne mal. L&rsquo;un d&rsquo;eux a tu\u00e9, l&rsquo;autre non. Malgr\u00e9 la plaidoirie de Badinter, les deux sont condamn\u00e9s \u00e0 la peine capitale. Le combat de l&rsquo;avocat pour l&rsquo;abolition de la peine de mort ne cessera jamais. \u00c7a sera sa raison de vivre. En 1981, il devient Garde des Sceaux du gouvernement de Pierre Mauroy sous la pr\u00e9sidence de Fran\u00e7ois Mitterrand. La suite appartient \u00e0 l&rsquo;Histoire.<\/p>\n\n\n<div class=\"wp-block-image\">\n<figure class=\"aligncenter size-full\"><img loading=\"lazy\" decoding=\"async\" width=\"680\" height=\"935\" src=\"https:\/\/boulevardbd.com\/wp-content\/uploads\/2025\/03\/Robert-Badinter-au-nom-de-la-justice-4.jpg\" alt=\"\" class=\"wp-image-7768\" srcset=\"https:\/\/boulevardbd.com\/wp-content\/uploads\/2025\/03\/Robert-Badinter-au-nom-de-la-justice-4.jpg 680w, https:\/\/boulevardbd.com\/wp-content\/uploads\/2025\/03\/Robert-Badinter-au-nom-de-la-justice-4-218x300.jpg 218w\" sizes=\"auto, (max-width: 680px) 100vw, 680px\" \/><figcaption class=\"wp-element-caption\">&nbsp;<strong>\u00a9 Le Naour, Marko &#8211; Dunod Graphic<\/strong><\/figcaption><\/figure>\n<\/div>\n\n\n<p>&nbsp;&nbsp;&nbsp;&nbsp;&nbsp;&nbsp;&nbsp;&nbsp;&nbsp;&nbsp;&nbsp;&nbsp;&nbsp;&nbsp;&nbsp; Apr\u00e8s Gis\u00e8le Halimi l&rsquo;insoumise, Jean-Yves Le Naour et Marko racontent la vie et la carri\u00e8re d&rsquo;une autre personne de loi qui a contribu\u00e9 \u00e0 faire de la France un pays civilis\u00e9 : Robert Badinter. Le sc\u00e9nario, le d\u00e9coupage et la mise en couleur si particuli\u00e8re en deux tons sont d&rsquo;une efficacit\u00e9 redoutable, autant que les plaidoiries de l&rsquo;avocat. A ranger \u00e0 c\u00f4t\u00e9 de L&rsquo;abolition, album sign\u00e9 Malo Kerfriden et Marie Bardiaux-Va\u00efente paru chez Gl\u00e9nat, Robert Badinter Au nom de la justice est un r\u00e9cit m\u00e9moire indispensable.<\/p>\n\n\n\n<hr class=\"wp-block-separator has-alpha-channel-opacity\"\/>\n\n\n\n<p><strong>One shot&nbsp;: <\/strong>Robert Badinter Au nom de la justice<\/p>\n\n\n\n<p><strong>Genre&nbsp;: <\/strong>Biopic<\/p>\n\n\n\n<p><strong>Sc\u00e9nario&nbsp;: <\/strong>Jean-Yves Le Naour<\/p>\n\n\n\n<p><strong>Dessins &amp; Couleurs&nbsp;: <\/strong>Marko<\/p>\n\n\n\n<p><strong>\u00c9diteur : <\/strong>Dunod Graphic<\/p>\n\n\n\n<p><strong>ISBN&nbsp;: <\/strong>9782100875030<\/p>\n\n\n\n<p><strong>Nombre de pages : <\/strong>96<\/p>\n\n\n\n<p><strong>Prix : <\/strong>19,90 \u20ac<\/p>\n\n\n\n<hr class=\"wp-block-separator has-alpha-channel-opacity\"\/>\n","protected":false},"excerpt":{"rendered":"<p>L\u2019avocat qui a dit stop \u00ab\u00a0-Je sais bien qu&rsquo;on vous encourage aujourd&rsquo;hui \u00e0 voter la mort. L&rsquo;opinion, les m\u00e9dias, la foule amass\u00e9e devant ce tribunal qui vocif\u00e8re, vous encourage, mais vous savez bien qu&rsquo;un jour la peine de mort sera abolie. (\u2026) Alors le temps passera. C&rsquo;en sera fini du tumulte, des encouragements, et vous &#8230; <a href=\"https:\/\/boulevardbd.com\/index.php\/2025\/03\/16\/robert-badinter-au-nom-de-la-justice\/\" class=\"more-link\">Lire plus<span class=\"screen-reader-text\"> \u00ab\u00a0Robert Badinter Au nom de la justice\u00a0\u00bb<\/span> &raquo;<\/a><\/p>\n","protected":false},"author":1,"featured_media":7765,"comment_status":"open","ping_status":"open","sticky":false,"template":"","format":"standard","meta":{"content-type":"","_jetpack_memberships_contains_paid_content":false,"footnotes":""},"categories":[16,186],"tags":[727],"class_list":["post-7764","post","type-post","status-publish","format-standard","has-post-thumbnail","hentry","category-chroniques","category-vie-vecue","tag-editions-dunod"],"jetpack_featured_media_url":"https:\/\/boulevardbd.com\/wp-content\/uploads\/2025\/03\/Robert-Badinter-au-nom-de-la-justice-1.jpg","jetpack_sharing_enabled":true,"_links":{"self":[{"href":"https:\/\/boulevardbd.com\/index.php\/wp-json\/wp\/v2\/posts\/7764","targetHints":{"allow":["GET"]}}],"collection":[{"href":"https:\/\/boulevardbd.com\/index.php\/wp-json\/wp\/v2\/posts"}],"about":[{"href":"https:\/\/boulevardbd.com\/index.php\/wp-json\/wp\/v2\/types\/post"}],"author":[{"embeddable":true,"href":"https:\/\/boulevardbd.com\/index.php\/wp-json\/wp\/v2\/users\/1"}],"replies":[{"embeddable":true,"href":"https:\/\/boulevardbd.com\/index.php\/wp-json\/wp\/v2\/comments?post=7764"}],"version-history":[{"count":2,"href":"https:\/\/boulevardbd.com\/index.php\/wp-json\/wp\/v2\/posts\/7764\/revisions"}],"predecessor-version":[{"id":7808,"href":"https:\/\/boulevardbd.com\/index.php\/wp-json\/wp\/v2\/posts\/7764\/revisions\/7808"}],"wp:featuredmedia":[{"embeddable":true,"href":"https:\/\/boulevardbd.com\/index.php\/wp-json\/wp\/v2\/media\/7765"}],"wp:attachment":[{"href":"https:\/\/boulevardbd.com\/index.php\/wp-json\/wp\/v2\/media?parent=7764"}],"wp:term":[{"taxonomy":"category","embeddable":true,"href":"https:\/\/boulevardbd.com\/index.php\/wp-json\/wp\/v2\/categories?post=7764"},{"taxonomy":"post_tag","embeddable":true,"href":"https:\/\/boulevardbd.com\/index.php\/wp-json\/wp\/v2\/tags?post=7764"}],"curies":[{"name":"wp","href":"https:\/\/api.w.org\/{rel}","templated":true}]}}