{"id":6563,"date":"2024-12-08T10:38:10","date_gmt":"2024-12-08T09:38:10","guid":{"rendered":"https:\/\/boulevardbd.com\/?p=6563"},"modified":"2024-12-08T10:38:10","modified_gmt":"2024-12-08T09:38:10","slug":"la-patrouille-du-faucon-4-regate-au-mont-saint-michel","status":"publish","type":"post","link":"https:\/\/boulevardbd.com\/index.php\/2024\/12\/08\/la-patrouille-du-faucon-4-regate-au-mont-saint-michel\/","title":{"rendered":"La patrouille du Faucon 4 \u2013 R\u00e9gate au Mont-Saint-Michel"},"content":{"rendered":"\n<p class=\"has-text-align-right has-luminous-vivid-amber-color has-text-color has-link-color wp-elements-8b6fcba511ba14787801463fb4c4854a\"><strong>Les scouts \u00e0 la voile<\/strong><\/p>\n\n\n\n<div class=\"wp-block-columns is-layout-flex wp-container-core-columns-is-layout-9d6595d7 wp-block-columns-is-layout-flex\">\n<div class=\"wp-block-column is-layout-flow wp-block-column-is-layout-flow\">\n<div class=\"wp-block-buttons is-content-justification-center is-layout-flex wp-container-core-buttons-is-layout-16018d1d wp-block-buttons-is-layout-flex\">\n<div class=\"wp-block-button is-style-outline is-style-outline--1\"><a class=\"wp-block-button__link has-luminous-vivid-amber-color has-text-color has-link-color wp-element-button\" href=\"https:\/\/creators.spotify.com\/pod\/show\/laurent-lafourcade\/episodes\/La-patrouille-du-faucon-4-e2rt62b\" target=\"_blank\" rel=\"noreferrer noopener\">Ecouter<\/a><\/div>\n<\/div>\n<\/div>\n\n\n\n<div class=\"wp-block-column is-layout-flow wp-block-column-is-layout-flow\">\n<div class=\"wp-block-buttons is-content-justification-center is-layout-flex wp-container-core-buttons-is-layout-16018d1d wp-block-buttons-is-layout-flex\">\n<div class=\"wp-block-button is-style-outline is-style-outline--2\"><a class=\"wp-block-button__link has-luminous-vivid-amber-color has-text-color has-link-color wp-element-button\" href=\"https:\/\/youtu.be\/FJZh2ZDcKO4\" target=\"_blank\" rel=\"noreferrer noopener\">Regarder<\/a><\/div>\n<\/div>\n<\/div>\n<\/div>\n\n\n\n<p><strong><em>\u00ab\u00a0-C&rsquo;est incroyablement beau !<\/em><\/strong><\/p>\n\n\n\n<p><strong><em>-Vous avez d\u00e9cid\u00e9 de m&rsquo;achever ?<\/em><\/strong><\/p>\n\n\n\n<p><strong><em>-Un dernier effort\u2026 On est bient\u00f4t \u00e0 l&rsquo;abbatiale qui surplombe toute la baie.<\/em><\/strong><\/p>\n\n\n\n<p><strong><em>-Il va falloir tout redescendre ?!<\/em><\/strong><\/p>\n\n\n\n<p><strong><em>-Tu n&rsquo;as jamais l&rsquo;impression d&rsquo;exag\u00e9rer ?<\/em><\/strong><\/p>\n\n\n\n<p><strong><em>-Hiiiii !!! Au voleur !\u00a0\u00bb<\/em><\/strong><\/p>\n\n\n\n<p>&nbsp;&nbsp;&nbsp;&nbsp;&nbsp;&nbsp;&nbsp;&nbsp;&nbsp;&nbsp;&nbsp;&nbsp;&nbsp;&nbsp;&nbsp; Charlie et ses camarades scouts de la patrouille du Faucon arrivent au Mont-Saint-Michel. Au VIII<sup>\u00e8me<\/sup> si\u00e8cle, l&rsquo;archange Michel serait apparu \u00e0 l&rsquo;\u00e9v\u00eaque Aubert. Il lui aurait demand\u00e9 de construire un sanctuaire \u00e0 l&rsquo;endroit o\u00f9 il avait combattu et vaincu le diable qui avait pris l&rsquo;apparence d&rsquo;un dragon. Des p\u00e8lerinages y furent rapidement organis\u00e9s. Des moines b\u00e9n\u00e9dictins s&rsquo;y install\u00e8rent. Au XII<sup>\u00e8me<\/sup> si\u00e8cle, le sanctuaire fut finalis\u00e9. Pendant la r\u00e9volution fran\u00e7aise, il deviendra une prison, avant d&rsquo;\u00eatre quasi-abandonn\u00e9. En 1867, des moines revinrent et de nombreux travaux furent men\u00e9s avec comme point d&rsquo;orgue la statue de l&rsquo;archange Michel au sommet de la fl\u00e8che de trente-deux m\u00e8tres de haut, install\u00e9e en 1897, \u00e0 la m\u00eame \u00e9poque qu&rsquo;une digue fut \u00e9rig\u00e9e. Et nos scouts dans tout \u00e7a ? Comme des millions de touristes chaque ann\u00e9e, ils viennent visiter le lieu.<\/p>\n\n\n<div class=\"wp-block-image\">\n<figure class=\"aligncenter size-full\"><img loading=\"lazy\" decoding=\"async\" width=\"680\" height=\"951\" src=\"https:\/\/boulevardbd.com\/wp-content\/uploads\/2024\/12\/La-patrouille-du-faucon-1.jpg\" alt=\"\" class=\"wp-image-6566\" srcset=\"https:\/\/boulevardbd.com\/wp-content\/uploads\/2024\/12\/La-patrouille-du-faucon-1.jpg 680w, https:\/\/boulevardbd.com\/wp-content\/uploads\/2024\/12\/La-patrouille-du-faucon-1-215x300.jpg 215w\" sizes=\"auto, (max-width: 680px) 100vw, 680px\" \/><figcaption class=\"wp-element-caption\"><strong>\u00a9 Vivier, Vinci, Costes &#8211; Plein vent<\/strong><\/figcaption><\/figure>\n<\/div>\n\n\n<p>&nbsp;&nbsp;&nbsp;&nbsp;&nbsp;&nbsp;&nbsp;&nbsp;&nbsp;&nbsp;&nbsp;&nbsp;&nbsp;&nbsp;&nbsp; Evidemment, si le s\u00e9jour devait se passer sans encombre, il n&rsquo;y aurait pas d&rsquo;aventures. Avant m\u00eame d&rsquo;arriver au sommet du Mont, les scouts sont surpris par les cris d&rsquo;une femme. Un voleur a d\u00e9rob\u00e9 une coupe en cristal de roche conserv\u00e9e au Mont depuis des si\u00e8cles. Il semblait bien renseign\u00e9. Sous les yeux des scouts, il rejoint le bateau d&rsquo;un complice gr\u00e2ce \u00e0 un simple filin accroch\u00e9 \u00e0 un grappin. Les scouts laissent l&rsquo;affaire \u00e0 la police qui va se charger de l&rsquo;enqu\u00eate. Le lendemain, lors de la r\u00e9gate qu&rsquo;ils organisent entre eux, l&#8217;embarcation de Charlie et Romain s&rsquo;\u00e9gare et accoste sur une \u00eele sur laquelle ils d\u00e9couvrent\u2026les bandits.<\/p>\n\n\n<div class=\"wp-block-image\">\n<figure class=\"aligncenter size-full\"><img loading=\"lazy\" decoding=\"async\" width=\"680\" height=\"948\" src=\"https:\/\/boulevardbd.com\/wp-content\/uploads\/2024\/12\/La-patrouille-du-faucon-2.jpg\" alt=\"\" class=\"wp-image-6564\" srcset=\"https:\/\/boulevardbd.com\/wp-content\/uploads\/2024\/12\/La-patrouille-du-faucon-2.jpg 680w, https:\/\/boulevardbd.com\/wp-content\/uploads\/2024\/12\/La-patrouille-du-faucon-2-215x300.jpg 215w\" sizes=\"auto, (max-width: 680px) 100vw, 680px\" \/><figcaption class=\"wp-element-caption\"><strong>\u00a9 Vivier, Vinci, Costes &#8211; Plein vent<\/strong><\/figcaption><\/figure>\n<\/div>\n\n\n<p>&nbsp;&nbsp;&nbsp;&nbsp;&nbsp;&nbsp;&nbsp;&nbsp;&nbsp;&nbsp;&nbsp;&nbsp;&nbsp;&nbsp;&nbsp; Apr\u00e8s la Grande Chartreuse, Rocamadour et le ch\u00e2teau de Versailles, les scouts de la patrouille du Faucon nous emm\u00e8nent au c\u0153ur du cinqui\u00e8me site le plus visit\u00e9 de France, fort de trois millions de touristes par an. Avec ce quatri\u00e8me \u00e9pisode, Jean-Fran\u00e7ois Vivier signe un v\u00e9ritable sc\u00e9nario construit et \u00e9quilibr\u00e9. Finies le didactisme d\u00e9croch\u00e9 des aventures pr\u00e9c\u00e9dentes. M\u00eame si l&rsquo;on n&rsquo;\u00e9chappe pas au passage oblig\u00e9 historique, il est int\u00e9gr\u00e9 ici avec beaucoup plus de naturel et de fluidit\u00e9. Par ailleurs, l&rsquo;intrigue commence tr\u00e8s rapidement. Nouveau venu au dessin, l&rsquo;italien Jean-Claudio Vinci apporte un dynamisme salvateur. Bref, La patrouille du Faucon prend ici un tournant d\u00e9cisif qui peut faire d\u00e9coller la s\u00e9rie de mani\u00e8re certaine.<\/p>\n\n\n<div class=\"wp-block-image\">\n<figure class=\"aligncenter size-full\"><img loading=\"lazy\" decoding=\"async\" width=\"680\" height=\"952\" src=\"https:\/\/boulevardbd.com\/wp-content\/uploads\/2024\/12\/La-patrouille-du-faucon-3.jpg\" alt=\"\" class=\"wp-image-6565\" srcset=\"https:\/\/boulevardbd.com\/wp-content\/uploads\/2024\/12\/La-patrouille-du-faucon-3.jpg 680w, https:\/\/boulevardbd.com\/wp-content\/uploads\/2024\/12\/La-patrouille-du-faucon-3-214x300.jpg 214w\" sizes=\"auto, (max-width: 680px) 100vw, 680px\" \/><figcaption class=\"wp-element-caption\"><strong>\u00a9 Vivier, Vinci, Costes &#8211; Plein vent<\/strong><\/figcaption><\/figure>\n<\/div>\n\n\n<p>&nbsp;&nbsp;&nbsp;&nbsp;&nbsp;&nbsp;&nbsp;&nbsp;&nbsp;&nbsp;&nbsp;&nbsp;&nbsp;&nbsp;&nbsp; Entre visites culturelles, challenges sportifs et intrigues polici\u00e8res, la Patrouille du Faucon vole en gardant un \u0153il de Lynx ! Scouts, toujours pr\u00eats !<\/p>\n\n\n\n<hr class=\"wp-block-separator has-alpha-channel-opacity\"\/>\n\n\n\n<p><strong>S\u00e9rie : <\/strong>La patrouille du Faucon<\/p>\n\n\n\n<p><strong>Tome&nbsp;: <\/strong>4 \u2013 R\u00e9gate au Mont-Saint-Michel<\/p>\n\n\n\n<p><strong>Genre&nbsp;: <\/strong>Aventure scoute<\/p>\n\n\n\n<p><strong>Sc\u00e9nario&nbsp;:<\/strong> Jean-Fran\u00e7ois Vivier<\/p>\n\n\n\n<p><strong>Dessins&nbsp;: <\/strong>Jean-Claudio Vinci<\/p>\n\n\n\n<p><strong>Couleurs&nbsp;: <\/strong>Jo\u00ebl Costes<\/p>\n\n\n\n<p><strong>\u00c9diteur :<\/strong> Plein vent<\/p>\n\n\n\n<p><strong>ISBN&nbsp;: <\/strong>9782384880799<\/p>\n\n\n\n<p><strong>Nombre de pages : <\/strong>48<\/p>\n\n\n\n<p><strong>Prix :<\/strong> 15,90 \u20ac<\/p>\n\n\n\n<hr class=\"wp-block-separator has-alpha-channel-opacity\"\/>\n","protected":false},"excerpt":{"rendered":"<p>Les scouts \u00e0 la voile \u00ab\u00a0-C&rsquo;est incroyablement beau ! -Vous avez d\u00e9cid\u00e9 de m&rsquo;achever ? -Un dernier effort\u2026 On est bient\u00f4t \u00e0 l&rsquo;abbatiale qui surplombe toute la baie. -Il va falloir tout redescendre ?! -Tu n&rsquo;as jamais l&rsquo;impression d&rsquo;exag\u00e9rer ? -Hiiiii !!! Au voleur !\u00a0\u00bb &nbsp;&nbsp;&nbsp;&nbsp;&nbsp;&nbsp;&nbsp;&nbsp;&nbsp;&nbsp;&nbsp;&nbsp;&nbsp;&nbsp;&nbsp; Charlie et ses camarades scouts de la patrouille du &#8230; <a href=\"https:\/\/boulevardbd.com\/index.php\/2024\/12\/08\/la-patrouille-du-faucon-4-regate-au-mont-saint-michel\/\" class=\"more-link\">Lire plus<span class=\"screen-reader-text\"> \u00ab\u00a0La patrouille du Faucon 4 \u2013 R\u00e9gate au Mont-Saint-Michel\u00a0\u00bb<\/span> &raquo;<\/a><\/p>\n","protected":false},"author":1,"featured_media":6567,"comment_status":"open","ping_status":"open","sticky":false,"template":"","format":"standard","meta":{"content-type":"","_jetpack_memberships_contains_paid_content":false,"footnotes":""},"categories":[16,437],"tags":[666],"class_list":["post-6563","post","type-post","status-publish","format-standard","has-post-thumbnail","hentry","category-chroniques","category-peripeties","tag-editions-plein-vent"],"jetpack_featured_media_url":"https:\/\/boulevardbd.com\/wp-content\/uploads\/2024\/12\/La-patrouille-du-faucon-5.jpg","jetpack_sharing_enabled":true,"_links":{"self":[{"href":"https:\/\/boulevardbd.com\/index.php\/wp-json\/wp\/v2\/posts\/6563","targetHints":{"allow":["GET"]}}],"collection":[{"href":"https:\/\/boulevardbd.com\/index.php\/wp-json\/wp\/v2\/posts"}],"about":[{"href":"https:\/\/boulevardbd.com\/index.php\/wp-json\/wp\/v2\/types\/post"}],"author":[{"embeddable":true,"href":"https:\/\/boulevardbd.com\/index.php\/wp-json\/wp\/v2\/users\/1"}],"replies":[{"embeddable":true,"href":"https:\/\/boulevardbd.com\/index.php\/wp-json\/wp\/v2\/comments?post=6563"}],"version-history":[{"count":1,"href":"https:\/\/boulevardbd.com\/index.php\/wp-json\/wp\/v2\/posts\/6563\/revisions"}],"predecessor-version":[{"id":6568,"href":"https:\/\/boulevardbd.com\/index.php\/wp-json\/wp\/v2\/posts\/6563\/revisions\/6568"}],"wp:featuredmedia":[{"embeddable":true,"href":"https:\/\/boulevardbd.com\/index.php\/wp-json\/wp\/v2\/media\/6567"}],"wp:attachment":[{"href":"https:\/\/boulevardbd.com\/index.php\/wp-json\/wp\/v2\/media?parent=6563"}],"wp:term":[{"taxonomy":"category","embeddable":true,"href":"https:\/\/boulevardbd.com\/index.php\/wp-json\/wp\/v2\/categories?post=6563"},{"taxonomy":"post_tag","embeddable":true,"href":"https:\/\/boulevardbd.com\/index.php\/wp-json\/wp\/v2\/tags?post=6563"}],"curies":[{"name":"wp","href":"https:\/\/api.w.org\/{rel}","templated":true}]}}