{"id":6547,"date":"2024-12-04T23:21:07","date_gmt":"2024-12-04T22:21:07","guid":{"rendered":"https:\/\/boulevardbd.com\/?p=6547"},"modified":"2024-12-04T23:21:07","modified_gmt":"2024-12-04T22:21:07","slug":"anita-conti","status":"publish","type":"post","link":"https:\/\/boulevardbd.com\/index.php\/2024\/12\/04\/anita-conti\/","title":{"rendered":"Anita Conti"},"content":{"rendered":"\n<p>Une clandestine de l&rsquo;histoire au secours des oc\u00e9ans<\/p>\n\n\n\n<div class=\"wp-block-columns is-layout-flex wp-container-core-columns-is-layout-9d6595d7 wp-block-columns-is-layout-flex\">\n<div class=\"wp-block-column is-layout-flow wp-block-column-is-layout-flow\">\n<div class=\"wp-block-buttons is-content-justification-center is-layout-flex wp-container-core-buttons-is-layout-16018d1d wp-block-buttons-is-layout-flex\">\n<div class=\"wp-block-button is-style-outline is-style-outline--1\"><a class=\"wp-block-button__link has-luminous-vivid-amber-color has-text-color has-link-color wp-element-button\" href=\"https:\/\/creators.spotify.com\/pod\/show\/laurent-lafourcade\/episodes\/Anita-Conti-e2ro9sd\" target=\"_blank\" rel=\"noreferrer noopener\">Ecouter<\/a><\/div>\n<\/div>\n<\/div>\n\n\n\n<div class=\"wp-block-column is-layout-flow wp-block-column-is-layout-flow\">\n<div class=\"wp-block-buttons is-content-justification-center is-layout-flex wp-container-core-buttons-is-layout-16018d1d wp-block-buttons-is-layout-flex\">\n<div class=\"wp-block-button is-style-outline is-style-outline--2\"><a class=\"wp-block-button__link has-luminous-vivid-amber-color has-text-color has-link-color wp-element-button\" href=\"https:\/\/youtu.be\/vH0aky9Kq5w\" target=\"_blank\" rel=\"noreferrer noopener\">Regarder<\/a><\/div>\n<\/div>\n<\/div>\n<\/div>\n\n\n\n<p><strong>Plus de 60 ans de lutte, de combat &#8230; de d\u00e9faites parfois, souvent, longtemps &#8230; mais finalement d&rsquo;importantes victoires pour la pr\u00e9servation des ressources de notre plan\u00e8te, de nos oc\u00e9ans !<\/strong><\/p>\n\n\n\n<p><strong>La peur ? Non, elle reconna\u00eet qu&rsquo;elle ne l&rsquo;a jamais connue &#8230; Mais la TERREUR, oui !<\/strong><\/p>\n\n\n\n<p><strong><em>\u00ab\u00a0Quand d\u00e9ferle une mer souvent creuse qui arrive de 1.000 km sur vous qui naviguez dans une pirogue de bois, sortie d&rsquo;un arbre &#8230; Eh bien vous \u00eates tr\u00e8s l\u00e9ger, tr\u00e8s vuln\u00e9rable &#8230; Vous luttez avec la confiance que vous avez en votre destin !\u00a0\u00bb<\/em><\/strong><\/p>\n\n\n\n<p><strong>Celle qui prononce ces mots lors d&rsquo;une conf\u00e9rence \u00e0 Saint-Malo en 1994, est Anita Conti, la redoutable \u00ab\u00a0Dame de la mer\u00a0\u00bb !<\/strong><\/p>\n\n\n\n<p><strong>Premi\u00e8re v\u00e9ritable \u00e9cologiste de France, elle l&rsquo;est en d\u00e9fendant la relation entre les humains et l&rsquo;environnement, leur environnement car \u00ab\u00a0oikos\u00a0\u00bb signifie bien \u00ab\u00a0maison\u00a0\u00bb en grec ! D\u00e9fendre sa \u00ab\u00a0maison\u00a0\u00bb.<\/strong><\/p>\n\n\n\n<p><\/p>\n\n\n\n<p>N\u00e9e le 17 mai 1899, son destin est la \u00ab\u00a0mer\u00a0\u00bb &#8230; Et tout l&rsquo;y conduira !<\/p>\n\n\n\n<p>Son pr\u00e9nom \u00ab\u00a0Anita\u00a0\u00bb, en l&rsquo;honneur de la grand-m\u00e8re de J\u00e9sus qui aurait voyag\u00e9 jusqu&rsquo;en Bretagne pour devenir la sainte patronne des m\u00e8res.<\/p>\n\n\n\n<p>Son bapt\u00eame que son p\u00e8re fait en la l\u00e2chant, au sens propre, dans la mer afin de lui apprendre \u00e0 nager avant de marcher ! Ce sur quoi un marin lui r\u00e9pondra :<\/p>\n\n\n\n<p><em>\u00ab\u00a0Nous autres, ici, on ne sait pas nager. Quand la mer vous prend, \u00e0 quoi bon vouloir lutter ?\u00a0\u00bb<\/em><\/p>\n\n\n\n<p>Et si cela ne suffisait pas &#8230; \u00e0 10 ans, elle p\u00eache en pleine mer, dans une barquette, avec son petit fr\u00e8re et un ami. Un requin les fait chavirer &#8230; Recueillie par des marins, qui se moquent d&rsquo;eux, convaincus qu&rsquo;ils ne sont pas pr\u00e8s de remonter dans une barque, Anita r\u00e9torque :<\/p>\n\n\n\n<p><em>\u00ab\u00a0Si ! D\u00e8s que nous aurons \u00e9cop\u00e9.<\/em><\/p>\n\n\n\n<p><em>Je ne suis pas un gar\u00e7on manqu\u00e9, je suis une jeune fille r\u00e9ussie !\u00a0\u00bb<\/em><\/p>\n\n\n\n<p>Elle est d\u00e9finitivement atteinte du virus de la mer &#8230; d&rsquo;autant plus qu&rsquo;elle trouve triste tous ces poissons morts ramen\u00e9s par les p\u00eacheurs !<\/p>\n\n\n<div class=\"wp-block-image\">\n<figure class=\"aligncenter\"><img decoding=\"async\" src=\"https:\/\/www.bd-best.com\/bgfiles\/anita%20-%2010.jpg\" alt=\"\"\/><figcaption class=\"wp-element-caption\">\u00a9 Catel &#8211; Bocquet &#8211; Casterman 2024<\/figcaption><\/figure>\n<\/div>\n\n\n<p><\/p>\n\n\n\n<p>Pourtant, entrant dans la vie active, c&rsquo;est comme relieuse d&rsquo;art de talent que le Tout-Paris bibliophile se l&rsquo;arrachera d&rsquo;abord ! Elle sera m\u00eame per\u00e7ue comme novatrice en la mati\u00e8re.<\/p>\n\n\n\n<p>Temp\u00e9rament faisant, son travail d&rsquo;atelier qui ne lui suffit cependant plus. Elle recherche plus d&rsquo;action, plus d&rsquo;un engagement qu&rsquo;elle ne d\u00e9finit pas encore exactement ! Elle entre donc, en 1931, chez \u00ab\u00a0Eve\u00a0\u00bb, hebdomadaire f\u00e9minin, et entra\u00eene ses lectrices dans les myst\u00e8res des siphonophores (animaux marins en forme de plantes) ici ou aux origines de certains mots comme \u00ab\u00a0mirobolants\u00a0\u00bb !<\/p>\n\n\n\n<p>L&rsquo;ann\u00e9e suivante, elle embarque sur l&rsquo;aviso \u00ab\u00a0La Ville-d&rsquo;Ys\u00a0\u00bb comme reporter-photographe. Elle approche pour la premi\u00e8re fois les p\u00eacheurs morutiers.<\/p>\n\n\n<div class=\"wp-block-image\">\n<figure class=\"aligncenter\"><img decoding=\"async\" src=\"https:\/\/www.bd-best.com\/bgfiles\/anita%20-%2011.jpg\" alt=\"\"\/><figcaption class=\"wp-element-caption\">\u00a9 Catel &#8211; Bocquet &#8211; Casterman 2024<\/figcaption><\/figure>\n<\/div>\n\n\n<p><\/p>\n\n\n\n<p>A partir de ce moment, elle ne cessera d&rsquo;encha\u00eener les campagnes de p\u00eache, d&rsquo;exploration et de recherche sur les fonds marins et la vie sous-marine.<\/p>\n\n\n\n<p>C&rsquo;est ainsi qu&rsquo;elle d\u00e9nonce, d\u00e8s les ann\u00e9es &rsquo;30, les m\u00e9faits et cons\u00e9quences de la surp\u00eache !<\/p>\n\n\n\n<p>Une prise de conscience qu&rsquo;elle ne cessera de partager autour d&rsquo;elle.<\/p>\n\n\n\n<p><em>\u00ab\u00a0Tous les bateaux ramassent le poisson \u00e0 l&rsquo;aveuglette. Tous rejettent des tonnes de \u00ab\u00a0faux\u00a0\u00bb poissons : les inutiles, les sales gueules, les ind\u00e9sirables, les tra\u00eenards, les hors-la-loi. Ailleurs, des pays sont priv\u00e9s de nourriture &#8230; quel g\u00e2chis !\u00a0\u00bb<\/em><\/p>\n\n\n\n<p>D\u00e9nonc\u00e9 sera une fois, proposer des solutions et les exp\u00e9rimenter sera la suite de combat.<\/p>\n\n\n\n<p>Femme libre des carcans sociaux de son \u00e9poque, lanceuse d&rsquo;alerte avant l&rsquo;heure, pionni\u00e8re oc\u00e9anique bien avant le commandant Cousteau, documentaliste, conf\u00e9renci\u00e8re hors pair, r\u00e9alisatrice de films, &#8230; elle devra lutter pour se faire entendre, pour se faire reconna\u00eetre !<\/p>\n\n\n\n<p>Malgr\u00e9 une L\u00e9gion d&rsquo;Honneur tardive, les honneurs de festivals, &#8230; elle finira sa vie dans un quasi-d\u00e9nuement g\u00e9n\u00e9ral.<\/p>\n\n\n\n<p>Et aujourd&rsquo;hui encore, son nom est souvent ignor\u00e9 du grand public !<\/p>\n\n\n<div class=\"wp-block-image\">\n<figure class=\"aligncenter\"><img decoding=\"async\" src=\"https:\/\/www.bd-best.com\/bgfiles\/anita%20-%2099.jpeg\" alt=\"\"\/><figcaption class=\"wp-element-caption\">\u00a9 Catel &#8211; Bocquet &#8211; Casterman 2024<\/figcaption><\/figure>\n<\/div>\n\n\n<p><\/p>\n\n\n\n<p>C&rsquo;est tout cela qui justifie amplement son \u00ab\u00a0entr\u00e9e\u00a0\u00bb dans la collection des \u00ab\u00a0Clandestines de l&rsquo;Histoire\u00a0\u00bb de Catel et Jos\u00e9-Louis Bocquet.<\/p>\n\n\n\n<p>L&rsquo;envie de remettre en lumi\u00e8re le parcours de celle qui consacra sa vie aux oc\u00e9ans est amplement m\u00e9rit\u00e9. Sa passion, son \u00e9nergie, son jusqu&rsquo;au-boutisme fera d&rsquo;elle la premi\u00e8re oc\u00e9anographe fran\u00e7aise.<\/p>\n\n\n\n<p>Une biographie claire, vivante, rythm\u00e9e, loin d&rsquo;un acad\u00e9misme morne, Jos\u00e9-Louis Bocquet utilise les recettes qui ont fait le succ\u00e8s des tomes pr\u00e9c\u00e9dents (Jos\u00e9phine Baker, Olympe de Gourges, Kiki de Montparnasse et Alice Guy). Se centrant sur les dates et \u00e9v\u00e9nements cl\u00e9s de l&rsquo;existence de son h\u00e9ro\u00efne, il relate sa vie par de petits chapitres de maximum une quinzaine de pages. Un ton l\u00e9ger, des dialogues efficaces, tout est fait pour faciliter la lecture.<\/p>\n\n\n\n<p>Second atout de cette s\u00e9rie, le dessin de Catel. Toujours aussi rond et jovial, il accentue le c\u00f4t\u00e9 \u00ab\u00a0positif\u00a0\u00bb et agr\u00e9able de la narration. Il nous donne ainsi \u00ab\u00a0envie\u00a0\u00bb de lire cette brique de plus de 300 pages.<\/p>\n\n\n\n<p>Un trait n&amp;b nuanc\u00e9 laisse une belle place aux dialogues, sans les \u00e9craser, ni les minimaliser. Un juste \u00e9quilibre \u00ab\u00a0texte\u00a0\u00bb &#8211; \u00ab\u00a0dessin\u00a0\u00bb exclusivement au service du r\u00e9cit !<\/p>\n\n\n\n<p>Tout comme les dossiers \u00ab\u00a0Chronologique\u00a0\u00bb et \u00ab\u00a0Notices biographiques\u00a0\u00bb ! Ce dernier pr\u00e9sente les principales personnalit\u00e9s ayant simplement crois\u00e9s ou au contraire jou\u00e9s un quelconque r\u00f4le dans la vie d&rsquo;Anita Conti. L\u00e0, la lecture est toutefois plus \u00ab\u00a0compacte\u00a0\u00bb. Indispensable pour bien comprendre \u00ab\u00a0qui est qui\u00a0\u00bb mais qui sera peut-\u00eatre un rien trop \u00ab\u00a0encyclop\u00e9dique\u00a0\u00bb pour certains !<\/p>\n\n\n<div class=\"wp-block-image\">\n<figure class=\"aligncenter\"><img decoding=\"async\" src=\"https:\/\/www.bd-best.com\/bgfiles\/anita%20-%20206.jpeg\" alt=\"\"\/><figcaption class=\"wp-element-caption\">\u00a9 Catel &#8211; Bocquet &#8211; Casterman 2024<\/figcaption><\/figure>\n<\/div>\n\n\n<p>Nul doute du plaisir que les auteurs auront pris dans leurs recherches puis dans l&rsquo;\u00e9criture du sc\u00e9nario et dans sa mise en dessin ! Un plaisir qu&rsquo;ils r\u00e9ussissent parfaitement \u00e0 nous partager au fur et \u00e0 mesure des pages.<\/p>\n\n\n\n<p>Maintenant que nous en savons plus sur Anita Conti, la \u00ab\u00a0Dame de la mer\u00a0\u00bb, la seule question est : qui sera la prochaine \u00ab\u00a0Clandestine de l&rsquo;Histoire\u00a0\u00bb ?<\/p>\n\n\n\n<p><\/p>\n\n\n\n<hr class=\"wp-block-separator has-alpha-channel-opacity\"\/>\n\n\n\n<p><strong>S\u00e9rie :<\/strong>&nbsp;Les Clandestines de l&rsquo;Histoire<\/p>\n\n\n\n<p><strong>Tome :<\/strong>&nbsp;5 &#8211; Anita Conti<\/p>\n\n\n\n<p><strong>Sc\u00e9nario :<\/strong>&nbsp;Jos\u00e9-Louis Bocquet<\/p>\n\n\n\n<p><strong>Dessin :<\/strong>&nbsp;Catel Muller<\/p>\n\n\n\n<p><strong>Conseiller historique :<\/strong>&nbsp;Laurent Girault-Conti<\/p>\n\n\n\n<p><strong>\u00c9diteur :<\/strong>&nbsp;Casterman<\/p>\n\n\n\n<p><strong>Genre :<\/strong>&nbsp;biographie, historique, roman graphique<\/p>\n\n\n\n<p><strong>Pages :<\/strong>&nbsp;368<\/p>\n\n\n\n<p><strong>ISBN :<\/strong>&nbsp;978 2 203 24163 3<\/p>\n\n\n\n<p><strong>Prix :<\/strong>&nbsp;24,95 \u20ac<\/p>\n\n\n\n<hr class=\"wp-block-separator has-alpha-channel-opacity\"\/>\n","protected":false},"excerpt":{"rendered":"<p>Une clandestine de l&rsquo;histoire au secours des oc\u00e9ans Plus de 60 ans de lutte, de combat &#8230; de d\u00e9faites parfois, souvent, longtemps &#8230; mais finalement d&rsquo;importantes victoires pour la pr\u00e9servation des ressources de notre plan\u00e8te, de nos oc\u00e9ans ! La peur ? Non, elle reconna\u00eet qu&rsquo;elle ne l&rsquo;a jamais connue &#8230; Mais la TERREUR, oui &#8230; <a href=\"https:\/\/boulevardbd.com\/index.php\/2024\/12\/04\/anita-conti\/\" class=\"more-link\">Lire plus<span class=\"screen-reader-text\"> \u00ab\u00a0Anita Conti\u00a0\u00bb<\/span> &raquo;<\/a><\/p>\n","protected":false},"author":2,"featured_media":6548,"comment_status":"open","ping_status":"open","sticky":false,"template":"","format":"standard","meta":{"content-type":"","_jetpack_memberships_contains_paid_content":false,"footnotes":""},"categories":[16,186],"tags":[225],"class_list":["post-6547","post","type-post","status-publish","format-standard","has-post-thumbnail","hentry","category-chroniques","category-vie-vecue","tag-editions-casterman"],"jetpack_featured_media_url":"https:\/\/boulevardbd.com\/wp-content\/uploads\/2024\/12\/ANita-Conti.jpg","jetpack_sharing_enabled":true,"_links":{"self":[{"href":"https:\/\/boulevardbd.com\/index.php\/wp-json\/wp\/v2\/posts\/6547","targetHints":{"allow":["GET"]}}],"collection":[{"href":"https:\/\/boulevardbd.com\/index.php\/wp-json\/wp\/v2\/posts"}],"about":[{"href":"https:\/\/boulevardbd.com\/index.php\/wp-json\/wp\/v2\/types\/post"}],"author":[{"embeddable":true,"href":"https:\/\/boulevardbd.com\/index.php\/wp-json\/wp\/v2\/users\/2"}],"replies":[{"embeddable":true,"href":"https:\/\/boulevardbd.com\/index.php\/wp-json\/wp\/v2\/comments?post=6547"}],"version-history":[{"count":2,"href":"https:\/\/boulevardbd.com\/index.php\/wp-json\/wp\/v2\/posts\/6547\/revisions"}],"predecessor-version":[{"id":6561,"href":"https:\/\/boulevardbd.com\/index.php\/wp-json\/wp\/v2\/posts\/6547\/revisions\/6561"}],"wp:featuredmedia":[{"embeddable":true,"href":"https:\/\/boulevardbd.com\/index.php\/wp-json\/wp\/v2\/media\/6548"}],"wp:attachment":[{"href":"https:\/\/boulevardbd.com\/index.php\/wp-json\/wp\/v2\/media?parent=6547"}],"wp:term":[{"taxonomy":"category","embeddable":true,"href":"https:\/\/boulevardbd.com\/index.php\/wp-json\/wp\/v2\/categories?post=6547"},{"taxonomy":"post_tag","embeddable":true,"href":"https:\/\/boulevardbd.com\/index.php\/wp-json\/wp\/v2\/tags?post=6547"}],"curies":[{"name":"wp","href":"https:\/\/api.w.org\/{rel}","templated":true}]}}