{"id":5782,"date":"2024-10-06T23:46:11","date_gmt":"2024-10-06T21:46:11","guid":{"rendered":"https:\/\/boulevardbd.com\/?p=5782"},"modified":"2024-10-06T23:49:43","modified_gmt":"2024-10-06T21:49:43","slug":"disparition-de-pierre-christin","status":"publish","type":"post","link":"https:\/\/boulevardbd.com\/index.php\/2024\/10\/06\/disparition-de-pierre-christin\/","title":{"rendered":"Disparition de Pierre Christin"},"content":{"rendered":"\n<p class=\"has-text-align-right has-luminous-vivid-amber-color has-text-color has-link-color wp-elements-ba453e5ba2629e3dd0344d9d184af39a\"><strong>La fin d&rsquo;une magnifique histoire<\/strong><\/p>\n\n\n\n<p>Les \u00e9ditions Dargaud rendent hommage \u00e0 l&rsquo;un des plus grands sc\u00e9naristes de bande dessin\u00e9e qui vient de nous quitter.<\/p>\n\n\n\n<p>Il a \u00e9t\u00e9 sc\u00e9nariste de bande dessin\u00e9e \u2013 sans conteste l\u2019un des plus grands \u2013, \u00e9crivain, universitaire et professeur : Pierre Christin s\u2019est \u00e9teint \u00e0 l\u2019\u00e2ge de 86 ans, ce jeudi 3 octobre, laissant derri\u00e8re lui une \u0153uvre consid\u00e9rable.<br><br>Pierre Christin est n\u00e9 en 1938 dans la banlieue parisienne. Enfant, il est passionn\u00e9 par les num\u00e9ros de D\u00e9tective et les couvertures illustr\u00e9es de Radar. Apr\u00e8s avoir modestement commenc\u00e9 ses \u00e9tudes dans un cours compl\u00e9mentaire, il \u00e9tudie \u00e0 la Sorbonne puis \u00e0 Sciences po Paris. Il soutient une th\u00e8se de doctorat en 1963 sur \u00ab le fait divers, litt\u00e9rature du pauvre \u00bb.<br><br>Dans les ann\u00e9es 1960, entre ses activit\u00e9s de pianiste de jazz et ses premiers travaux de journalisme, de traduction et d\u2019\u00e9criture, il part \u00e0 la d\u00e9couverte de l\u2019Ouest am\u00e9ricain. L\u00e0-bas, il s\u2019enthousiasme aussi bien pour la vie dans les ranchs et les autoroutes urbaines que pour la science-fiction, le polar et la musique noire, qui est alors \u00e0 son apog\u00e9e. Il devient m\u00eame professeur \u00e0 l\u2019universit\u00e9 de Salt Lake City en enseignant la litt\u00e9rature fran\u00e7aise.<\/p>\n\n\n\n<p>En 1967, il signe, avec Jean-Claude M\u00e9zi\u00e8res, la premi\u00e8re aventure de Val\u00e9rian, sans imaginer un instant la long\u00e9vit\u00e9 future de son h\u00e9ros.&nbsp;<\/p>\n\n\n<div class=\"wp-block-image\">\n<figure class=\"aligncenter\"><img decoding=\"async\" src=\"https:\/\/www.dargaud.com\/sites\/dargaud.com\/files\/styles\/max_w800\/public\/2024-10\/valerian.jpg?itok=WUKc2Ro8\" alt=\"Val\u00e9rian\"\/><\/figure>\n<\/div>\n\n\n<p>Traduite en une vingtaine de langues, Val\u00e9rian fut rapidement consid\u00e9r\u00e9e comme une s\u00e9rie d\u2019avant-garde et a inspir\u00e9 de nombreux auteurs et des r\u00e9alisateurs dont George Lucas et, bien entendu, Luc Besson qui a r\u00e9alis\u00e9 une adaptation au cin\u00e9ma en juillet 2017 :&nbsp;<em>Val\u00e9rian et la Cit\u00e9 des mille plan\u00e8tes<\/em>. Ce chef-d\u2019\u0153uvre de la bande dessin\u00e9e est devenu une r\u00e9f\u00e9rence absolue dans le genre.<br><br>En 1968, il est nomm\u00e9 \u00e0 l\u2019universit\u00e9 de Bordeaux o\u00f9 il cr\u00e9e en compagnie de Robert Escarpit l\u2019IUT de journalisme, dont il est toujours rest\u00e9 l\u2019un des animateurs : de nombreux \u00e9tudiants devenus journalistes ont \u00e9t\u00e9 form\u00e9s au m\u00e9tier par Pierre Christin.<br><br>Il rejoint assez vite le magazine Pilote dans lequel, gr\u00e2ce \u00e0 Ren\u00e9 Goscinny et Jean-Michel Charlier puis Guy Vidal, il deviendra un v\u00e9ritable pilier. Dans les ann\u00e9es 1970-1980, il \u00e9crit pour Jacques Tardi (dont c\u2019est le premier album, avec&nbsp;<em>Rumeurs sur le Rouergue<\/em>), Fran\u00e7ois Boucq, Jean Vern et bien d\u2019autres \u2013 une soixantaine d\u2019albums dans lesquels il s\u2019essaie \u00e0 tous les<br>genres. Il r\u00e9serve cependant son versant optimiste \u2013 voire utopiste \u2013 \u00e0 son vieil ami Jean-Claude M\u00e9zi\u00e8res dont il appr\u00e9cie la clart\u00e9 narrative et l\u2019humour r\u00e9jouissant. Les sujets plus graves, nourris par des enqu\u00eates dans ce qui est encore \u00e0 l\u2019\u00e9poque le bloc communiste, il les traite avec Enki Bilal, dans des albums devenus de grands classiques de la bande dessin\u00e9e politique, comme&nbsp;<em>Les Phalanges de l\u2019Ordre noir&nbsp;<\/em>(Dargaud, 1979) ou<em>&nbsp;Partie de chasse&nbsp;<\/em>(Dargaud, 1983) mais aussi&nbsp;<em>Le Vaisseau de pierre<\/em>&nbsp;(1976),&nbsp;<em>La Croisi\u00e8re des oubli\u00e9s<\/em>&nbsp;(1975) ou&nbsp;<em>La Ville qui n\u2019existait pas<\/em>&nbsp;(1977) dans la fameuse collection \u00ab Histoires Fantastiques \u00bb \u00e9dit\u00e9e par Dargaud. Pour toute une g\u00e9n\u00e9ration d\u2019auteurs et de lecteurs, ces albums sont consid\u00e9r\u00e9s comme majeurs.<\/p>\n\n\n\n<p>Avec Annie Goetzinger, il exprime une tout autre sensibilit\u00e9 dans des portraits de femmes, des intrigues intimistes, \u00e0 l\u2019image de&nbsp;<em>La Demoiselle de la L\u00e9gion d\u2019honneur<\/em>&nbsp;(Dargaud, 1980) ou de&nbsp;<em>Paquebot&nbsp;<\/em>(Dargaud, 1999). Il se lancera d\u2019ailleurs, en 2001, toujours en compagnie d\u2019Annie Goetzinger, dans la s\u00e9rie&nbsp;<em>L\u2019Agence Hardy<\/em>, un polar parisien des ann\u00e9es 1950 teint\u00e9 d\u2019une forme de f\u00e9minisme.&nbsp;<\/p>\n\n\n<div class=\"wp-block-image\">\n<figure class=\"aligncenter\"><img decoding=\"async\" src=\"https:\/\/www.dargaud.com\/sites\/dargaud.com\/files\/styles\/max_w800\/public\/2024-10\/agence-hardy.jpg?itok=AM5iHXbY\" alt=\"Agence Hardy\"\/><\/figure>\n<\/div>\n\n\n<p>Grand voyageur, il fait un premier tour du globe par l\u2019h\u00e9misph\u00e8re Nord en 1992. Un p\u00e9riple qu\u2019il raconte dans<em>&nbsp;L\u2019Homme qui fait le tour du Monde<\/em>&nbsp;(Dargaud, 1994), mis en images par Max Cabanes et Philippe Aymond. Il renouvelle l\u2019exp\u00e9rience en 1999, en passant cette fois par l\u2019h\u00e9misph\u00e8re Sud. Mais, souvent, ses balades ne le conduisent pas plus loin que Paris : tour de la ville en suivant les rails abandonn\u00e9s de la petite ceinture (<em>La Voyageuse de petite ceinture&nbsp;<\/em>[Dargaud, 1985], avec Annie Goetzinger), ou de la petite couronne, en v\u00e9lo (<em>La Bonne Vie<\/em>&nbsp;[tome 5 des \u00ab Correspondances \u00bb, Dargaud, 1999], avec Max Cabanes).<br><br>Sans jamais oublier la bande dessin\u00e9e, Christin s\u2019essaie \u00e0 d\u2019autres formes d\u2019\u00e9criture. Dans ses romans, il \u00e9voque aussi bien l\u2019aventure citadine (<em>ZAC&nbsp;<\/em>et&nbsp;<em>Rendez-vous en ville<\/em>) que les plong\u00e9es au fond du terroir fran\u00e7ais (<em>L\u2019Or du zinc<\/em>). Avec la collection \u00ab&nbsp;<em>Les Correspondances de Pierre Christin&nbsp;<\/em>\u00bb (Dargaud, 1997-2002), il explore d\u2019autres rapports entre texte et dessin.<br>Pour ces albums, il travaille, entre autres, avec Patrick Lesueur, Jacques Ferrandez, Jean-Claude Denis, Alexis Lemoine et Enki Bilal. Une int\u00e9grale para\u00eet en 2009 (Dargaud).&nbsp;<br><br>En 2006, il signe avec le talentueux Andr\u00e9 Juillard le premier volume de la saga&nbsp;<em>L\u00e9na&nbsp;<\/em>(Dargaud) dont le troisi\u00e8me tome sort en 2020.<\/p>\n\n\n<div class=\"wp-block-image\">\n<figure class=\"aligncenter\"><img decoding=\"async\" src=\"https:\/\/www.dargaud.com\/sites\/dargaud.com\/files\/styles\/max_w800\/public\/2024-10\/lena.jpg?itok=soc2axMI\" alt=\"L\u00e9na\"\/><\/figure>\n<\/div>\n\n\n<p><br>En 2019, sort le deuxi\u00e8me tome du hors-s\u00e9rie&nbsp;<em>L\u2019Avenir est avanc\u00e9<\/em>, dans lequel M\u00e9zi\u00e8res et Christin revisitent en compagnie de Val\u00e9rian et Laureline certains \u00e9pisodes mythiques de la plus c\u00e9l\u00e8bre des s\u00e9ries de SF fran\u00e7aise.<br><br>Plus r\u00e9cemment il \u00e9crit une biographie de&nbsp;<em>George Orwell<\/em>&nbsp;(Dargaud, 2019) en compagnie de S\u00e9bastien Verdier et avec la participation d\u2019auteurs de renom tels que Andr\u00e9 Juillard, Manu Larcenet, Olivier Balez, Blutch, Juanjo Guarnido et Enki Bilal. Cet ouvrage est par ailleurs publi\u00e9 dans de nombreux pays.<br><br>Il remporte le prix Goscinny 2019, d\u00e9cern\u00e9 par le festival international de la bande dessin\u00e9e d\u2019Angoul\u00eame, pour l\u2019ensemble de son \u0153uvre \u00e0 l\u2019occasion de la parution de son album autobiographique&nbsp;<em>Est\/Ouest<\/em>&nbsp;(Dupuis, 2018) mis en images par Philippe Aymond. Lors de la remise des prix au th\u00e9\u00e2tre d\u2019Angoul\u00eame, il est salu\u00e9 par une longue et vibrante standing ovation.<\/p>\n\n\n\n<p>L\u2019ann\u00e9e suivante, une exposition lui sera consacr\u00e9e au festival et une monographie sera publi\u00e9e \u00e0 cette occasion chez Caurette.\u00a0<br><br>En 2022 il replonge dans l\u2019aventure Val\u00e9rian en \u00e9crivant lui-m\u00eame un album de Val\u00e9rian vu par, dessin\u00e9 par Virginie Augustin, autour d\u2019une r\u00e9flexion pleine d\u2019humour sur la cr\u00e9ation&#8230; La m\u00eame ann\u00e9e, le 23 janvier, son ami d\u2019enfance et vieux compagnon de route, Jean-Claude M\u00e9zi\u00e8res, meurt \u00e0 l\u2019\u00e2ge de 84 ans. Cette disparition, puis celle d\u2019Andr\u00e9 Juillard le 31 juillet 2024, affecteront particuli\u00e8rement Pierre Christin, lui-m\u00eame diminu\u00e9 par diff\u00e9rents probl\u00e8mes de sant\u00e9 qui ne lui permettaient plus d\u2019\u00e9crire seul.<br><br>D\u2019une curiosit\u00e9 insatiable, il \u00e9crit alors avec l\u2019aide de la jeune sc\u00e9nariste Stella Lory, un sc\u00e9nario intitul\u00e9\u00a0<em>L\u2019\u00cele des riches<\/em>, un r\u00e9cit complet qui met en sc\u00e8ne un pseudo paradis situ\u00e9 sur une \u00eele isol\u00e9e sur laquelle vivent des ultras riches d\u00e9cid\u00e9s \u00e0 se mettre \u00e0 l\u2019abri d\u2019un monde en d\u00e9liquescence\u2026 Dargaud lui propose le dessinateur Titwane qui travaille actuellement sur cet album pr\u00e9vu en 2026. Toujours chez Dargaud, sa maison de c\u0153ur, il signe en 2024 un projet avec la sc\u00e9nariste Loo Hui Phang (elle-m\u00eame r\u00e9compens\u00e9e par le prix Ren\u00e9 Goscinny en 2021). Les deux sc\u00e9naristes se retrouvaient r\u00e9guli\u00e8rement chez Pierre et travaillaient ensemble sur ce r\u00e9cit d\u2019anticipation qui sera l\u2019ultime album sign\u00e9 Christin.<\/p>\n\n\n\n<p>Pierre Christin est non seulement consid\u00e9r\u00e9 comme un sc\u00e9nariste majeur de l\u2019histoire de la bande dessin\u00e9e, \u00e0 la fois par la richesse de son \u0153uvre qui ne s\u2019est pas limit\u00e9e \u00e0 la s\u00e9rie Val\u00e9rian, mais aussi par sa volont\u00e9 d\u2019aborder des sujets de soci\u00e9t\u00e9. Progressiste, il est l\u2019un des premiers \u00e0 oser mettre en avant un personnage f\u00e9minin (Laureline) comme une h\u00e9ro\u00efne forte. Dans la plupart de ses sc\u00e9narii, Christin a souvent pos\u00e9 un regard critique sur notre soci\u00e9t\u00e9 et ses d\u00e9rives, sans jamais tomber dans une vision caricaturale.<br><br>C\u2019\u00e9tait un grand voyageur, observateur assidu de notre monde, un homme cultiv\u00e9, curieux, aimant d\u00e9battre, souvent avec \u00e9loquence. Il a laiss\u00e9 un souvenir ind\u00e9l\u00e9bile pour toutes celles et ceux qui, chez Dargaud (son autre famille\u2026), des ann\u00e9es durant, l\u2019ont accompagn\u00e9 avec passion.<br><br>Sa disparition repr\u00e9sente une perte inestimable pour notre m\u00e9tier qu\u2019il aura pleinement contribu\u00e9 \u00e0 faire grandir, au m\u00eame titre qu\u2019un Ren\u00e9 Goscinny.<br><br>Consid\u00e9rant que pour vivre heureux, il faut vivre beaucoup, mais cach\u00e9, il aurait aim\u00e9 avoir cent vies, dans cent villes et presque autant d\u2019identit\u00e9s&#8230;<br><br>Nous pensons particuli\u00e8rement \u00e0 sa femme Florence, sa fille Ang\u00e8le, son fils Olivier et ses petits-enfants ainsi qu\u2019\u00e0 ses nombreux amis.<\/p>\n","protected":false},"excerpt":{"rendered":"<p>La fin d&rsquo;une magnifique histoire Les \u00e9ditions Dargaud rendent hommage \u00e0 l&rsquo;un des plus grands sc\u00e9naristes de bande dessin\u00e9e qui vient de nous quitter. Il a \u00e9t\u00e9 sc\u00e9nariste de bande dessin\u00e9e \u2013 sans conteste l\u2019un des plus grands \u2013, \u00e9crivain, universitaire et professeur : Pierre Christin s\u2019est \u00e9teint \u00e0 l\u2019\u00e2ge de 86 ans, ce jeudi &#8230; <a href=\"https:\/\/boulevardbd.com\/index.php\/2024\/10\/06\/disparition-de-pierre-christin\/\" class=\"more-link\">Lire plus<span class=\"screen-reader-text\"> \u00ab\u00a0Disparition de Pierre Christin\u00a0\u00bb<\/span> &raquo;<\/a><\/p>\n","protected":false},"author":1,"featured_media":5786,"comment_status":"open","ping_status":"open","sticky":false,"template":"","format":"standard","meta":{"content-type":"","_jetpack_memberships_contains_paid_content":false,"footnotes":""},"categories":[73,567],"tags":[187],"class_list":["post-5782","post","type-post","status-publish","format-standard","has-post-thumbnail","hentry","category-actualites","category-hommage","tag-editions-dargaud"],"jetpack_featured_media_url":"https:\/\/boulevardbd.com\/wp-content\/uploads\/2024\/10\/pierre-christin-1.jpg","jetpack_sharing_enabled":true,"_links":{"self":[{"href":"https:\/\/boulevardbd.com\/index.php\/wp-json\/wp\/v2\/posts\/5782","targetHints":{"allow":["GET"]}}],"collection":[{"href":"https:\/\/boulevardbd.com\/index.php\/wp-json\/wp\/v2\/posts"}],"about":[{"href":"https:\/\/boulevardbd.com\/index.php\/wp-json\/wp\/v2\/types\/post"}],"author":[{"embeddable":true,"href":"https:\/\/boulevardbd.com\/index.php\/wp-json\/wp\/v2\/users\/1"}],"replies":[{"embeddable":true,"href":"https:\/\/boulevardbd.com\/index.php\/wp-json\/wp\/v2\/comments?post=5782"}],"version-history":[{"count":2,"href":"https:\/\/boulevardbd.com\/index.php\/wp-json\/wp\/v2\/posts\/5782\/revisions"}],"predecessor-version":[{"id":5787,"href":"https:\/\/boulevardbd.com\/index.php\/wp-json\/wp\/v2\/posts\/5782\/revisions\/5787"}],"wp:featuredmedia":[{"embeddable":true,"href":"https:\/\/boulevardbd.com\/index.php\/wp-json\/wp\/v2\/media\/5786"}],"wp:attachment":[{"href":"https:\/\/boulevardbd.com\/index.php\/wp-json\/wp\/v2\/media?parent=5782"}],"wp:term":[{"taxonomy":"category","embeddable":true,"href":"https:\/\/boulevardbd.com\/index.php\/wp-json\/wp\/v2\/categories?post=5782"},{"taxonomy":"post_tag","embeddable":true,"href":"https:\/\/boulevardbd.com\/index.php\/wp-json\/wp\/v2\/tags?post=5782"}],"curies":[{"name":"wp","href":"https:\/\/api.w.org\/{rel}","templated":true}]}}