{"id":5602,"date":"2024-09-21T12:03:15","date_gmt":"2024-09-21T10:03:15","guid":{"rendered":"https:\/\/boulevardbd.com\/?p=5602"},"modified":"2024-09-21T12:03:15","modified_gmt":"2024-09-21T10:03:15","slug":"exposition-nicolas-de-crecy","status":"publish","type":"post","link":"https:\/\/boulevardbd.com\/index.php\/2024\/09\/21\/exposition-nicolas-de-crecy\/","title":{"rendered":"Exposition Nicolas de Cr\u00e9cy"},"content":{"rendered":"\n<p class=\"has-text-align-right has-luminous-vivid-amber-color has-text-color has-link-color wp-elements-5d37983f6807b8eb4a14630b69bd83c8\"><strong>Du 4 octobre au 7 d\u00e9cembre \u00e0 Saint-Gratien<\/strong><\/p>\n\n\n\n<figure class=\"wp-block-table aligncenter\"><table class=\"has-fixed-layout\"><tbody><tr><td>Une exposition totalement in\u00e9dite pour laquelle l&rsquo;artiste de renomm\u00e9e mondiale a cr\u00e9\u00e9 une cinquantaine d&rsquo;oeuvres.\u00a0<br><br>Espace Jacques Villegl\u00e9<br>Place Fran\u00e7ois Truffaut, 95210 Saint Gratien<br><br><br><strong><u>Nicolas de Cr\u00e9cy : un artiste pluridisciplinaire de renomm\u00e9e internationale<\/u><\/strong>\u00a0<strong>Nicolas de Cr\u00e9cy, auteur de bandes dessin\u00e9es, sc\u00e9nariste et \u00e9crivain, a une carri\u00e8re s&rsquo;\u00e9tendant sur plus de 30 ans et comptant de nombreux prix prestigieux, tant en France qu&rsquo;\u00e0 l&rsquo;international. En parall\u00e8le, il d\u00e9veloppe une \u0153uvre plastique riche et diversifi\u00e9e incluant peintures, sculptures et gravures, chaque champ enrichissant les autres pour cr\u00e9er une \u0153uvre complexe et po\u00e9tique.<\/strong>\u00a0<strong>Cette capacit\u00e9 \u00e0 m\u00ealer diff\u00e9rentes formes d&rsquo;art et \u00e0 traiter des sujets contemporains avec sensibilit\u00e9 et originalit\u00e9 fait de Nicolas de Cr\u00e9cy une figure <\/strong><br><strong>incontournable de l&rsquo;art contemporain.\u00a0<\/strong><br><br>Nicolas de Cr\u00e9cy est n\u00e9 en 1966 \u00e0 Lyon.\u00a0Sorti dipl\u00f4m\u00e9 en 1987 des beaux-arts d&rsquo;Angoul\u00eame, il commence sa carri\u00e8re professionnelle aux studios Walt Disney de Montreuil avant de publier\u00a0<em>Foligatto<\/em>\u00a0en 1991, sur un sc\u00e9nario de Alexios Troyas. Un livre original qui re\u00e7oit un accueil critique enthousiaste et marque le d\u00e9but d&rsquo;une carri\u00e8re prolifique dans le monde de la bande dessin\u00e9e. Il poursuit en auteur complet avec la trilogie\u00a0<em>Le Bibendum C\u00e9leste,\u00a0<\/em>grande fresque surr\u00e9aliste et singuli\u00e8re<em>.\u00a0<\/em>Puis il r\u00e9alise la s\u00e9rie\u00a0<em>L\u00e9on La Came<\/em>\u00a0sur les textes de Sylvain Chomet, qui remporte l&rsquo;Alph&rsquo;Art du Meilleur Album au festival d&rsquo;Angoul\u00eame en 1998, confirmant ainsi son talent.Toujours en qu\u00eate de nouvelles perspectives, Nicolas de Cr\u00e9cy se distingue par son exploration constante des codes narratifs et graphiques avec une trentaine de livres tr\u00e8s diff\u00e9rents. Avec\u00a0<em>Journal d&rsquo;un Fant\u00f4me<\/em>\u00a0par exemple, il r\u00e9alise l&rsquo;autobiographie d&rsquo;un dessin entre le Japon et le Br\u00e9sil, une \u0153uvre introspective et originale. Sa\u00a0<strong>collaboration avec le Mus\u00e9e du Louvre<\/strong>\u00a0pour\u00a0<em>P\u00e9riode Glaciaire\u00a0<\/em>est un autre exemple de son talent pour la mise en ab\u00eeme et l&rsquo;interpr\u00e9tation artistique, avec des planches qui seront expos\u00e9es au Louvre, puis \u00e0 Taiwan et \u00e0 Tokyo en 2009.En 2008, il est laur\u00e9at de la prestigieuse r\u00e9sidence de la Villa Kujoyama \u00e0 Kyoto. En 2015, il devient l&rsquo;un des premiers artistes europ\u00e9ens \u00e0 \u00eatre sollicit\u00e9 par l&rsquo;\u00e9diteur japonais Shueisha pour cr\u00e9er un manga,<em>\u00a0La R\u00e9publique du Catch<\/em>, illustrant l&rsquo;influence et l&rsquo;originalit\u00e9 de son \u0153uvre au-del\u00e0 de l&rsquo;Hexagone.En 2016, il b\u00e9n\u00e9ficie de sa premi\u00e8re r\u00e9trospective au Centre d&rsquo;Art Le Quartier \u00e0 Quimper, exposition qui sera \u00e9galement pr\u00e9sent\u00e9e au Centre d&rsquo;Art de la Ferme du Buisson en 2017. Une vaste exposition,\u00a0<em>\u00c9tranges Cit\u00e9s,<\/em>\u00a0lui est consacr\u00e9e en 2023, au mus\u00e9e Thomas Henry de Cherbourg.\u00a0Une de ces \u0153uvres entre en 2024 dans la collection nationale du mus\u00e9e d&rsquo;Art moderne du\u00a0<strong>Centre Pompidou<\/strong>.\u00a0<br><img decoding=\"async\" width=\"600\" src=\"https:\/\/9vde1.img.ag.d.sendibm3.com\/im\/sh\/Q8t80ZUEt6Ha.jpg?u=WtVElij8PJZGcrw6mVvAV9VFrudiincz\"><br><br><em>Un sujet me touche et me fascine\u00a0: la montagne. J&rsquo;en parcours les sentiers depuis des ann\u00e9es. Au-del\u00e0 de la passion que ces paysages m&rsquo;inspirent, je suis pr\u00e9occup\u00e9 (comme beaucoup de mes contemporains) par ces transformations rapides dues au r\u00e9chauffement climatique que l&rsquo;on peut constater dans tous les massifs. J&rsquo;ai ressenti le besoin de \u00ab\u00a0consigner\u00a0\u00bb cette nature dont les reliefs vont certainement changer d&rsquo;ici peu \u2014nous savons que les chemins emprunt\u00e9s aujourd&rsquo;hui seront dangereux demain, que les roches s&rsquo;\u00e9croulent, que la glace ne les retient plus, que la sp\u00e9culation li\u00e9e \u00e0 l&rsquo;industrie du ski d\u00e9figure les vall\u00e9es, etc.Afin de percer les myst\u00e8res de l&rsquo;atmosph\u00e8re si particuli\u00e8re que l&rsquo;on trouve \u00e0 cette altitude, de comprendre et de rendre les lumi\u00e8res uniques que l&rsquo;on y voit, j&rsquo;ai pris le parti d&rsquo;une recherche plastique et picturale tous azimuts\u00a0: des croquis sur le motif, des peintures en atelier, des collages, des gravures, des fusains, des aquarelles. Une sorte de laboratoire de recherche, avec toutes sortes de techniques, une tentative d&rsquo;\u00e9puisement d&rsquo;un lieu, comme dirait George Perec. L&rsquo;id\u00e9e serait d&rsquo;offrir un cheminement pictural au sein de l&rsquo;exposition comme on marche en montagne au cours d&rsquo;une randonn\u00e9e.Cette proposition comprendra une cinquantaine de pi\u00e8ces de formats vari\u00e9es, de grands panoramiques comme de petites aquarelles l\u00e9g\u00e8res. Je tenterai par cet ensemble de restituer les impressions, fugaces ou \u00e9ternelles, toujours puissantes et magiques, que l&rsquo;on ressent lorsqu&rsquo;on fr\u00e9quente les itin\u00e9raires escarp\u00e9s vers les sommets et les cr\u00eates. Jusqu&rsquo;\u00e0 r\u00e9cemment, avant qu&rsquo;elle ne soit mon\u00e9tis\u00e9e, la montagne \u00e9tait un lieu v\u00e9n\u00e9rable, respect\u00e9 et effrayant\u00a0: s&rsquo;y aventurer demandait rituels et c\u00e9r\u00e9monials. Rituel que je r\u00e9active \u00e0 ma fa\u00e7on, en cherchant diff\u00e9rentes formes de repr\u00e9sentation qui me permettront d&rsquo;approcher ce caract\u00e8re sacr\u00e9 que la montagne offre \u00e0 ceux qui prennent le temps de la contempler.<\/em>\u00a0<em>Nicolas de Cr\u00e9cy<\/em><br><img decoding=\"async\" width=\"240\" src=\"https:\/\/9vde1.img.ag.d.sendibm3.com\/im\/sh\/IBPRBavsOpFe.png?u=WtVElij8PJZGdKGoywJWb4fVvk1XhXL3\"><br><br><\/td><\/tr><\/tbody><\/table><\/figure>\n\n\n\n<hr class=\"wp-block-separator has-alpha-channel-opacity\"\/>\n","protected":false},"excerpt":{"rendered":"<p>Du 4 octobre au 7 d\u00e9cembre \u00e0 Saint-Gratien Une exposition totalement in\u00e9dite pour laquelle l&rsquo;artiste de renomm\u00e9e mondiale a cr\u00e9\u00e9 une cinquantaine d&rsquo;oeuvres.\u00a0 Espace Jacques Villegl\u00e9Place Fran\u00e7ois Truffaut, 95210 Saint Gratien Nicolas de Cr\u00e9cy : un artiste pluridisciplinaire de renomm\u00e9e internationale\u00a0Nicolas de Cr\u00e9cy, auteur de bandes dessin\u00e9es, sc\u00e9nariste et \u00e9crivain, a une carri\u00e8re s&rsquo;\u00e9tendant sur &#8230; <a href=\"https:\/\/boulevardbd.com\/index.php\/2024\/09\/21\/exposition-nicolas-de-crecy\/\" class=\"more-link\">Lire plus<span class=\"screen-reader-text\"> \u00ab\u00a0Exposition Nicolas de Cr\u00e9cy\u00a0\u00bb<\/span> &raquo;<\/a><\/p>\n","protected":false},"author":1,"featured_media":5603,"comment_status":"open","ping_status":"open","sticky":false,"template":"","format":"standard","meta":{"content-type":"","_jetpack_memberships_contains_paid_content":false,"footnotes":""},"categories":[73,76],"tags":[60],"class_list":["post-5602","post","type-post","status-publish","format-standard","has-post-thumbnail","hentry","category-actualites","category-exposition","tag-exposition"],"jetpack_featured_media_url":"https:\/\/boulevardbd.com\/wp-content\/uploads\/2024\/09\/CQ9q2IOPvEsn-scaled.jpg","jetpack_sharing_enabled":true,"_links":{"self":[{"href":"https:\/\/boulevardbd.com\/index.php\/wp-json\/wp\/v2\/posts\/5602","targetHints":{"allow":["GET"]}}],"collection":[{"href":"https:\/\/boulevardbd.com\/index.php\/wp-json\/wp\/v2\/posts"}],"about":[{"href":"https:\/\/boulevardbd.com\/index.php\/wp-json\/wp\/v2\/types\/post"}],"author":[{"embeddable":true,"href":"https:\/\/boulevardbd.com\/index.php\/wp-json\/wp\/v2\/users\/1"}],"replies":[{"embeddable":true,"href":"https:\/\/boulevardbd.com\/index.php\/wp-json\/wp\/v2\/comments?post=5602"}],"version-history":[{"count":1,"href":"https:\/\/boulevardbd.com\/index.php\/wp-json\/wp\/v2\/posts\/5602\/revisions"}],"predecessor-version":[{"id":5604,"href":"https:\/\/boulevardbd.com\/index.php\/wp-json\/wp\/v2\/posts\/5602\/revisions\/5604"}],"wp:featuredmedia":[{"embeddable":true,"href":"https:\/\/boulevardbd.com\/index.php\/wp-json\/wp\/v2\/media\/5603"}],"wp:attachment":[{"href":"https:\/\/boulevardbd.com\/index.php\/wp-json\/wp\/v2\/media?parent=5602"}],"wp:term":[{"taxonomy":"category","embeddable":true,"href":"https:\/\/boulevardbd.com\/index.php\/wp-json\/wp\/v2\/categories?post=5602"},{"taxonomy":"post_tag","embeddable":true,"href":"https:\/\/boulevardbd.com\/index.php\/wp-json\/wp\/v2\/tags?post=5602"}],"curies":[{"name":"wp","href":"https:\/\/api.w.org\/{rel}","templated":true}]}}