{"id":3987,"date":"2024-01-22T19:13:02","date_gmt":"2024-01-22T18:13:02","guid":{"rendered":"https:\/\/boulevardbd.com\/?p=3987"},"modified":"2024-01-22T19:17:00","modified_gmt":"2024-01-22T18:17:00","slug":"expo-vente-jean-marc-krings","status":"publish","type":"post","link":"https:\/\/boulevardbd.com\/index.php\/2024\/01\/22\/expo-vente-jean-marc-krings\/","title":{"rendered":"Expo-vente Jean-Marc Krings"},"content":{"rendered":"\n<p class=\"has-text-align-right has-luminous-vivid-amber-color has-text-color has-link-color wp-elements-7517cba7f5a89e59ff751e0012282561\"><strong>Galeries des bulles originaux Charleroi BD<\/strong><\/p>\n\n\n\n<p>Samedi 27 janvier, \u00e0 partir de 13h30, pendant que certains seront dans la foule angoumoise, retrouvez Jean-Marc Krings \u00e0 la galerie des bulles \u00e0 Charleroi en Belgique. Vente d&rsquo;originaux et s\u00e9ance de d\u00e9dicaces sont au programme. En attendant la parution de l&rsquo;album couleurs chez Kennes, ce sera l&rsquo;occasion d&rsquo;acqu\u00e9rir la version collector Noir et Blanc de La piste de l&rsquo;Oregon qui est d\u00e9j\u00e0 parue en avant-premi\u00e8re en auto-\u00e9dition. La chronique de l&rsquo;album est \u00e0 retrouver sur Boulevard BD : <a href=\"https:\/\/boulevardbd.com\/index.php\/2023\/12\/18\/la-piste-de-loregon\/\">ici<\/a><\/p>\n\n\n<div class=\"wp-block-image\">\n<figure class=\"aligncenter size-full is-resized\"><img loading=\"lazy\" decoding=\"async\" width=\"600\" height=\"800\" src=\"https:\/\/boulevardbd.com\/wp-content\/uploads\/2024\/01\/krings-la-piste-de-l-oregon.jpg\" alt=\"\" class=\"wp-image-3988\" style=\"width:413px;height:auto\" srcset=\"https:\/\/boulevardbd.com\/wp-content\/uploads\/2024\/01\/krings-la-piste-de-l-oregon.jpg 600w, https:\/\/boulevardbd.com\/wp-content\/uploads\/2024\/01\/krings-la-piste-de-l-oregon-225x300.jpg 225w\" sizes=\"auto, (max-width: 600px) 100vw, 600px\" \/><\/figure>\n<\/div>\n\n\n<hr class=\"wp-block-separator has-alpha-channel-opacity\"\/>\n","protected":false},"excerpt":{"rendered":"<p>Galeries des bulles originaux Charleroi BD Samedi 27 janvier, \u00e0 partir de 13h30, pendant que certains seront dans la foule angoumoise, retrouvez Jean-Marc Krings \u00e0 la galerie des bulles \u00e0 Charleroi en Belgique. Vente d&rsquo;originaux et s\u00e9ance de d\u00e9dicaces sont au programme. En attendant la parution de l&rsquo;album couleurs chez Kennes, ce sera l&rsquo;occasion d&rsquo;acqu\u00e9rir &#8230; <a href=\"https:\/\/boulevardbd.com\/index.php\/2024\/01\/22\/expo-vente-jean-marc-krings\/\" class=\"more-link\">Lire plus<span class=\"screen-reader-text\"> \u00ab\u00a0Expo-vente Jean-Marc Krings\u00a0\u00bb<\/span> &raquo;<\/a><\/p>\n","protected":false},"author":1,"featured_media":3989,"comment_status":"open","ping_status":"open","sticky":false,"template":"","format":"standard","meta":{"content-type":"","_jetpack_memberships_contains_paid_content":false,"footnotes":""},"categories":[73,74,76],"tags":[],"class_list":["post-3987","post","type-post","status-publish","format-standard","has-post-thumbnail","hentry","category-actualites","category-evenement","category-exposition"],"jetpack_featured_media_url":"https:\/\/boulevardbd.com\/wp-content\/uploads\/2024\/01\/419213109_10227997939886334_7007568022461733541_n.jpg","jetpack_sharing_enabled":true,"_links":{"self":[{"href":"https:\/\/boulevardbd.com\/index.php\/wp-json\/wp\/v2\/posts\/3987","targetHints":{"allow":["GET"]}}],"collection":[{"href":"https:\/\/boulevardbd.com\/index.php\/wp-json\/wp\/v2\/posts"}],"about":[{"href":"https:\/\/boulevardbd.com\/index.php\/wp-json\/wp\/v2\/types\/post"}],"author":[{"embeddable":true,"href":"https:\/\/boulevardbd.com\/index.php\/wp-json\/wp\/v2\/users\/1"}],"replies":[{"embeddable":true,"href":"https:\/\/boulevardbd.com\/index.php\/wp-json\/wp\/v2\/comments?post=3987"}],"version-history":[{"count":5,"href":"https:\/\/boulevardbd.com\/index.php\/wp-json\/wp\/v2\/posts\/3987\/revisions"}],"predecessor-version":[{"id":3994,"href":"https:\/\/boulevardbd.com\/index.php\/wp-json\/wp\/v2\/posts\/3987\/revisions\/3994"}],"wp:featuredmedia":[{"embeddable":true,"href":"https:\/\/boulevardbd.com\/index.php\/wp-json\/wp\/v2\/media\/3989"}],"wp:attachment":[{"href":"https:\/\/boulevardbd.com\/index.php\/wp-json\/wp\/v2\/media?parent=3987"}],"wp:term":[{"taxonomy":"category","embeddable":true,"href":"https:\/\/boulevardbd.com\/index.php\/wp-json\/wp\/v2\/categories?post=3987"},{"taxonomy":"post_tag","embeddable":true,"href":"https:\/\/boulevardbd.com\/index.php\/wp-json\/wp\/v2\/tags?post=3987"}],"curies":[{"name":"wp","href":"https:\/\/api.w.org\/{rel}","templated":true}]}}