{"id":253,"date":"2023-01-15T22:31:28","date_gmt":"2023-01-15T21:31:28","guid":{"rendered":"http:\/\/boulevardbd.com\/?p=253"},"modified":"2023-01-20T19:38:26","modified_gmt":"2023-01-20T18:38:26","slug":"la-bibliothecaire-dauschwitz","status":"publish","type":"post","link":"https:\/\/boulevardbd.com\/index.php\/2023\/01\/15\/la-bibliothecaire-dauschwitz\/","title":{"rendered":"La biblioth\u00e9caire d&rsquo;Auschwitz"},"content":{"rendered":"\n<p class=\"has-text-align-right has-luminous-vivid-amber-color has-text-color\"><strong>Des livres dans l\u2019enfer<\/strong><\/p>\n\n\n\n<div class=\"wp-block-columns is-layout-flex wp-container-core-columns-is-layout-9d6595d7 wp-block-columns-is-layout-flex\">\n<div class=\"wp-block-column is-layout-flow wp-block-column-is-layout-flow\">\n<div class=\"wp-block-buttons is-layout-flex wp-block-buttons-is-layout-flex\">\n<div class=\"wp-block-button aligncenter is-style-outline is-style-outline--1\"><a class=\"wp-block-button__link has-luminous-vivid-amber-color has-text-color wp-element-button\" href=\"https:\/\/open.spotify.com\/episode\/5vOALwPFeiPVoz7uTaafXX?si=1492f49dd3d2415b\" target=\"_blank\" rel=\"noreferrer noopener\">Ecouter<\/a><\/div>\n<\/div>\n<\/div>\n\n\n\n<div class=\"wp-block-column is-layout-flow wp-block-column-is-layout-flow\">\n<div class=\"wp-block-buttons is-layout-flex wp-block-buttons-is-layout-flex\">\n<div class=\"wp-block-button aligncenter is-style-outline is-style-outline--2\"><a class=\"wp-block-button__link has-luminous-vivid-amber-color has-text-color wp-element-button\" href=\"https:\/\/youtu.be\/Efq8HzUuM1I\" target=\"_blank\" rel=\"noreferrer noopener\">Regarder<\/a><\/div>\n<\/div>\n<\/div>\n<\/div>\n\n\n\n<p><strong>\u00ab&nbsp;&#8211; Alors, c\u2019est vrai&nbsp;? On doit quitter Prague&nbsp;?<\/strong><\/p>\n\n\n\n<p>&#8211; <strong>Oui, ma ch\u00e9rie. Nous devons partir.&nbsp;\u00bb<\/strong><\/p>\n\n\n\n<p><\/p>\n\n\n\n<p>Etre juif \u00e0 Prague pendant la Seconde guerre mondiale est loin d\u2019\u00eatre la condition la plus confortable. Un apr\u00e8s-midi, la famille de Dita Adlerova re\u00e7oit une lettre les sommant de quitter leur domicile. Ils ont droit d\u2019emporter cinquante kilos de bagages. Pour Dita, quatorze ans, pas question d\u2019abandonner ses livres. Il va pourtant bien le falloir. La jeune fille et ses parents, comme des milliers d\u2019autres juifs, doivent se rendre \u00e0 la gare. Ils vont \u00eatre d\u00e9port\u00e9s \u00e0 Auschwitz. Arriv\u00e9s sur place, ils ne seront pas gaz\u00e9s, mais lav\u00e9s, puis tatou\u00e9s. Ils ne seront ni ras\u00e9s, ni chang\u00e9s. Incroyable&nbsp;! Ils restent m\u00eame en famille dans un baraquement moins insalubre que les autres. Que cache ce myst\u00e8re&nbsp;? Toujours est-il que Dita, passionn\u00e9e de livres, sera charg\u00e9e de s\u2019occuper de la biblioth\u00e8que.<\/p>\n\n\n<div class=\"wp-block-image\">\n<figure class=\"aligncenter size-large\"><img loading=\"lazy\" decoding=\"async\" width=\"765\" height=\"1024\" src=\"https:\/\/boulevardbd.com\/wp-content\/uploads\/2023\/01\/La-bibliothecaire-dAuschwitz-2-765x1024.jpg\" alt=\"\" class=\"wp-image-276\" srcset=\"https:\/\/boulevardbd.com\/wp-content\/uploads\/2023\/01\/La-bibliothecaire-dAuschwitz-2-765x1024.jpg 765w, https:\/\/boulevardbd.com\/wp-content\/uploads\/2023\/01\/La-bibliothecaire-dAuschwitz-2-224x300.jpg 224w, https:\/\/boulevardbd.com\/wp-content\/uploads\/2023\/01\/La-bibliothecaire-dAuschwitz-2-768x1028.jpg 768w, https:\/\/boulevardbd.com\/wp-content\/uploads\/2023\/01\/La-bibliothecaire-dAuschwitz-2.jpg 800w\" sizes=\"auto, (max-width: 765px) 100vw, 765px\" \/><figcaption class=\"wp-element-caption\">\u00a9 Rubio, Aroca \u2013 Rue de S\u00e8vres<\/figcaption><\/figure>\n<\/div>\n\n\n<p>Salvia Rubio adapte en bande dessin\u00e9e le roman d\u2019Antonio Iturbe. L\u2019histoire a pour m\u00e9rite de d\u00e9voiler un angle peu connu des sordides et inadmissibles camps de concentration. Si l\u2019on sait que les prisonniers vivaient dans des taudis et \u00e9taient en charge de travaux p\u00e9nibles et d\u00e9gradants, on sait moins qu\u2019il existait des lieux plus privil\u00e9gi\u00e9s, si tant est que \u00ab&nbsp;privil\u00e9gi\u00e9&nbsp;\u00bb soit le bon terme. En effet, un b\u00e2timent \u00e9tait r\u00e9serv\u00e9 aux visites des responsables de la Croix Rouge qui ainsi ne voyaient pas toute la mis\u00e8re. Ils \u00e9taient bluff\u00e9s par les nazis qui leur faisaient croire que les droits de l\u2019homme \u00e9taient respect\u00e9s \u00e0 Auschwitz. Dans son malheur, Dita aura eu le privil\u00e8ge de croiser le chemin de Fredy Hirsch, juif allemand qui supervise la section qu\u2019elle int\u00e8gre. Sous le pr\u00e9texte de les occuper afin qu\u2019ils ne perturbent pas le bon fonctionnement du camp, l\u2019homme r\u00e9ussit \u00e0 faire d\u00e9dier une baraque aux enfants. C\u2019est l\u00e0 qu\u2019il confiera \u00e0 Dita la gestion de la biblioth\u00e8que.<\/p>\n\n\n<div class=\"wp-block-image\">\n<figure class=\"aligncenter size-full\"><img loading=\"lazy\" decoding=\"async\" width=\"500\" height=\"670\" src=\"https:\/\/boulevardbd.com\/wp-content\/uploads\/2023\/01\/La-bibliothecaire-dAuschwitz-3.jpg\" alt=\"\" class=\"wp-image-277\" srcset=\"https:\/\/boulevardbd.com\/wp-content\/uploads\/2023\/01\/La-bibliothecaire-dAuschwitz-3.jpg 500w, https:\/\/boulevardbd.com\/wp-content\/uploads\/2023\/01\/La-bibliothecaire-dAuschwitz-3-224x300.jpg 224w\" sizes=\"auto, (max-width: 500px) 100vw, 500px\" \/><figcaption class=\"wp-element-caption\">\u00a9 Rubio, Aroca \u2013 Rue de S\u00e8vres<\/figcaption><\/figure>\n<\/div>\n\n\n<p>Loreto Areca vient du dessin anim\u00e9. Elle signe ici sa premi\u00e8re bande dessin\u00e9e. Ses grandes cases montrent la solitude dans laquelle se trouvent les prisonniers. Elle invite \u00e0 l\u2019empathie pour ces milliers de victimes qu\u2019elle repr\u00e9sente, soit anonymement, soit avec Dita et ses parents. Elle invite au d\u00e9go\u00fbt avec un Josef Mengele, le c\u00e9l\u00e8bre m\u00e9decin de la mort, aussi droit qu\u2019un \u00ab&nbsp;i&nbsp;\u00bb dans son costume militaire tir\u00e9 \u00e0 quatre \u00e9pingles. Elle invite au myst\u00e8re avec Fredy Hirsch dont on d\u00e9couvrira avec Dita le secret qu\u2019il cache.<\/p>\n\n\n<div class=\"wp-block-image\">\n<figure class=\"aligncenter size-full\"><img loading=\"lazy\" decoding=\"async\" width=\"600\" height=\"804\" src=\"https:\/\/boulevardbd.com\/wp-content\/uploads\/2023\/01\/La-bibliothecaire-dAuschwitz-4.jpg\" alt=\"\" class=\"wp-image-278\" srcset=\"https:\/\/boulevardbd.com\/wp-content\/uploads\/2023\/01\/La-bibliothecaire-dAuschwitz-4.jpg 600w, https:\/\/boulevardbd.com\/wp-content\/uploads\/2023\/01\/La-bibliothecaire-dAuschwitz-4-224x300.jpg 224w\" sizes=\"auto, (max-width: 600px) 100vw, 600px\" \/><figcaption class=\"wp-element-caption\">\u00a9 Rubio, Aroca \u2013 Rue de S\u00e8vres<\/figcaption><\/figure>\n<\/div>\n\n\n<p>Edita Adlerova, dite Dita, vit aujourd\u2019hui \u00e0 Netanya en Isra\u00ebl. Antonio Iturbe l\u2019a rencontr\u00e9e pour \u00e9crire son roman de six cents pages adapt\u00e9 ici par Salvia Rubio et Loreto Areca. Ils ont d\u00fb proc\u00e9der \u00e0 quelques raccourcis que la lecture de l\u2019\u0153uvre originale pourra combler. En attendant, cette bande dessin\u00e9e est, comme tout ouvrage sur le th\u00e8me, une \u0153uvre de m\u00e9moire indispensable et c\u2019est aussi une ode \u00e0 la lecture.<\/p>\n\n\n\n<hr class=\"wp-block-separator has-alpha-channel-opacity\"\/>\n\n\n\n<p><strong>One shot\u00a0:<\/strong> La biblioth\u00e9caire d\u2019Auschwitz<\/p>\n\n\n\n<p><strong>Genre&nbsp;: <\/strong>Drame historique<\/p>\n\n\n\n<p><strong>Sc\u00e9nario&nbsp;:<\/strong> Salvia Rubio<\/p>\n\n\n\n<p><strong>Dessins&nbsp;&amp; Couleurs : <\/strong>Loreto Aroca<\/p>\n\n\n\n<p><strong>D\u2019apr\u00e8s&nbsp;:<\/strong> Antonio G. Iturbe<\/p>\n\n\n\n<p><strong>\u00c9diteur :<\/strong> Rue de S\u00e8vres<\/p>\n\n\n\n<p><strong>ISBN :<\/strong> 9782810201259<\/p>\n\n\n\n<p><strong>Nombre de pages :<\/strong> 142<\/p>\n\n\n\n<p><strong>Prix :<\/strong> 22 \u20ac<\/p>\n\n\n\n<p><\/p>\n\n\n\n<h4 class=\"wp-block-heading\" style=\"font-style:normal;font-weight:100\"><\/h4>\n","protected":false},"excerpt":{"rendered":"<p>Des livres dans l\u2019enfer \u00ab&nbsp;&#8211; Alors, c\u2019est vrai&nbsp;? On doit quitter Prague&nbsp;? &#8211; Oui, ma ch\u00e9rie. Nous devons partir.&nbsp;\u00bb Etre juif \u00e0 Prague pendant la Seconde guerre mondiale est loin d\u2019\u00eatre la condition la plus confortable. Un apr\u00e8s-midi, la famille de Dita Adlerova re\u00e7oit une lettre les sommant de quitter leur domicile. Ils ont droit &#8230; <a href=\"https:\/\/boulevardbd.com\/index.php\/2023\/01\/15\/la-bibliothecaire-dauschwitz\/\" class=\"more-link\">Lire plus<span class=\"screen-reader-text\"> \u00ab\u00a0La biblioth\u00e9caire d&rsquo;Auschwitz\u00a0\u00bb<\/span> &raquo;<\/a><\/p>\n","protected":false},"author":1,"featured_media":40,"comment_status":"open","ping_status":"open","sticky":false,"template":"","format":"standard","meta":{"content-type":"","_jetpack_memberships_contains_paid_content":false,"footnotes":""},"categories":[16,25,31],"tags":[6,27,28,29],"class_list":["post-253","post","type-post","status-publish","format-standard","has-post-thumbnail","hentry","category-chroniques","category-histoire","category-litterature-adaptation","tag-bd","tag-editions-rue-de-sevres","tag-guerre","tag-histoire"],"jetpack_featured_media_url":"https:\/\/boulevardbd.com\/wp-content\/uploads\/2023\/01\/La-bibliothecaire-dAuschwitz-1.jpg","jetpack_sharing_enabled":true,"_links":{"self":[{"href":"https:\/\/boulevardbd.com\/index.php\/wp-json\/wp\/v2\/posts\/253","targetHints":{"allow":["GET"]}}],"collection":[{"href":"https:\/\/boulevardbd.com\/index.php\/wp-json\/wp\/v2\/posts"}],"about":[{"href":"https:\/\/boulevardbd.com\/index.php\/wp-json\/wp\/v2\/types\/post"}],"author":[{"embeddable":true,"href":"https:\/\/boulevardbd.com\/index.php\/wp-json\/wp\/v2\/users\/1"}],"replies":[{"embeddable":true,"href":"https:\/\/boulevardbd.com\/index.php\/wp-json\/wp\/v2\/comments?post=253"}],"version-history":[{"count":14,"href":"https:\/\/boulevardbd.com\/index.php\/wp-json\/wp\/v2\/posts\/253\/revisions"}],"predecessor-version":[{"id":460,"href":"https:\/\/boulevardbd.com\/index.php\/wp-json\/wp\/v2\/posts\/253\/revisions\/460"}],"wp:featuredmedia":[{"embeddable":true,"href":"https:\/\/boulevardbd.com\/index.php\/wp-json\/wp\/v2\/media\/40"}],"wp:attachment":[{"href":"https:\/\/boulevardbd.com\/index.php\/wp-json\/wp\/v2\/media?parent=253"}],"wp:term":[{"taxonomy":"category","embeddable":true,"href":"https:\/\/boulevardbd.com\/index.php\/wp-json\/wp\/v2\/categories?post=253"},{"taxonomy":"post_tag","embeddable":true,"href":"https:\/\/boulevardbd.com\/index.php\/wp-json\/wp\/v2\/tags?post=253"}],"curies":[{"name":"wp","href":"https:\/\/api.w.org\/{rel}","templated":true}]}}