{"id":12148,"date":"2026-09-02T17:00:00","date_gmt":"2026-09-02T15:00:00","guid":{"rendered":"https:\/\/boulevardbd.com\/?p=12148"},"modified":"2026-08-31T22:42:42","modified_gmt":"2026-08-31T20:42:42","slug":"oneira-lere-des-souverains-2-le-spectre-dantan","status":"publish","type":"post","link":"https:\/\/boulevardbd.com\/index.php\/2026\/09\/02\/oneira-lere-des-souverains-2-le-spectre-dantan\/","title":{"rendered":"Oneira L\u2019\u00e8re des souverains 2 \u2013 Le spectre d\u2019antan"},"content":{"rendered":"\n<p class=\"has-text-align-right has-luminous-vivid-amber-color has-text-color has-link-color wp-elements-1 wp-block-paragraph\"><strong>Apprentissage et cauchemars<\/strong><\/p>\n\n\n\n<div class=\"wp-block-columns is-layout-flex wp-container-core-columns-is-layout-8f761849 wp-block-columns-is-layout-flex\">\n<div class=\"wp-block-column is-layout-flow wp-block-column-is-layout-flow\">\n<div class=\"wp-block-buttons is-content-justification-center is-layout-flex wp-container-core-buttons-is-layout-fe48e5de wp-block-buttons-is-layout-flex\">\n<div class=\"wp-block-button is-style-outline is-style-outline--1\"><a class=\"wp-block-button__link has-luminous-vivid-amber-color has-text-color has-link-color wp-element-button\" href=\"https:\/\/open.spotify.com\/episode\/3AsAzby7IYymqfZJLw2v3D?si=6XQIA1uaR3GJAl-EDl2pnQ\" target=\"_blank\" rel=\"noopener\">Ecouter<\/a><\/div>\n<\/div>\n<\/div>\n\n\n\n<div class=\"wp-block-column is-layout-flow wp-block-column-is-layout-flow\">\n<div class=\"wp-block-buttons is-content-justification-center is-layout-flex wp-container-core-buttons-is-layout-fe48e5de wp-block-buttons-is-layout-flex\">\n<div class=\"wp-block-button is-style-outline is-style-outline--2\"><a class=\"wp-block-button__link has-luminous-vivid-amber-color has-text-color has-link-color wp-element-button\" href=\"https:\/\/youtu.be\/36E6oKHYPwc\" target=\"_blank\" rel=\"noopener\">Regarder<\/a><\/div>\n<\/div>\n<\/div>\n<\/div>\n\n\n\n<p class=\"wp-block-paragraph\"><strong><em>\u00ab\u00a0-Membres du Salice, si j\u2019ai exig\u00e9 votre pr\u00e9sence aujourd\u2019hui, c\u2019est parce que nos alli\u00e9s du royaume de Martel courent un grave danger. De terribles attaques ont eu lieu \u00e0 nos fronti\u00e8res avec Martel, et j\u2019estime qu\u2019il est de notre devoir de venir en aide \u00e0 nos voisins, qui se trouvent actuellement dans l\u2019impasse.\u00a0\u00bb<\/em><\/strong><\/p>\n\n\n\n<p class=\"wp-block-paragraph\">A Alba, le roi Carol, du royaume voisin de Martel, vient demander de l\u2019aide au conseil du Salice dirig\u00e9 par Octavian. Depuis plusieurs semaines, les districts Nord du pays ont subi diverses attaques d\u2019une cr\u00e9ature immense qui dispara\u00eet myst\u00e9rieusement apr\u00e8s avoir tout d\u00e9vast\u00e9. Le pays aurait pu r\u00e9gler l\u2019affaire sans demander de l\u2019aide, mais voil\u00e0, le monstre a enlev\u00e9 la bien-aim\u00e9e fille du roi. Malgr\u00e9 le fait qu\u2019Huvi reproche au roi de ne pas \u00eatre intervenu pour sauver les populations du Nord, le conseil accepte de l\u2019aider, avec un certain opportunisme de la part d\u2019Octavian. Arane, qui m\u00e8ne une enqu\u00eate \u00e0 Maindemortis, pas loin de Menor, pourrait faire d\u2019une pierre deux coups en se joignant \u00e0 Nikolas pour retrouver la piste de Saladin et des jumelles.<\/p>\n\n\n<div class=\"wp-block-image\">\n<figure class=\"aligncenter size-large\"><img loading=\"lazy\" decoding=\"async\" width=\"718\" height=\"1024\" src=\"https:\/\/boulevardbd.com\/wp-content\/uploads\/2026\/08\/Oneira-lere-des-souverains2-1-718x1024.jpg\" alt=\"\" class=\"wp-image-12150\" srcset=\"https:\/\/boulevardbd.com\/wp-content\/uploads\/2026\/08\/Oneira-lere-des-souverains2-1-718x1024.jpg 718w, https:\/\/boulevardbd.com\/wp-content\/uploads\/2026\/08\/Oneira-lere-des-souverains2-1-211x300.jpg 211w, https:\/\/boulevardbd.com\/wp-content\/uploads\/2026\/08\/Oneira-lere-des-souverains2-1-768x1094.jpg 768w, https:\/\/boulevardbd.com\/wp-content\/uploads\/2026\/08\/Oneira-lere-des-souverains2-1-1078x1536.jpg 1078w, https:\/\/boulevardbd.com\/wp-content\/uploads\/2026\/08\/Oneira-lere-des-souverains2-1-1437x2048.jpg 1437w, https:\/\/boulevardbd.com\/wp-content\/uploads\/2026\/08\/Oneira-lere-des-souverains2-1-scaled.jpg 1796w\" sizes=\"auto, (max-width: 718px) 100vw, 718px\" \/><figcaption class=\"wp-element-caption\"><strong>\u00a9 2026 Federica Di Meo (Arancia Studio) &#8211; Cab &#8211; KANA<\/strong><\/figcaption><\/figure>\n<\/div>\n\n\n<p class=\"wp-block-paragraph\">Le Comte Varen Jonas, pendant qu\u2019il profitait de l\u2019hospitalit\u00e9 du Salice, a dup\u00e9 tout le monde en reformant pendant ce temps une arm\u00e9e de cauchemars \u00e0 Bar Tolmay. Un cauchemar serait-il assez intelligent et puissant pour avoir constitu\u00e9 une horde&nbsp;? Sans aucun doute, mais il va falloir le v\u00e9rifier. Pendant que certains vont aller au front, Venus se rend \u00e0 Lydie parfaire son apprentissage sous la bienveillante protection d\u2019Ovide. \u00c7a va aussi \u00eatre l\u2019occasion pour elle de d\u00e9couvrir Fhadline et l\u2019histoire de sa lign\u00e9e. Au m\u00eame moment, au c\u0153ur du bois d\u2019Elden, une b\u00eate sort de sa l\u00e9thargie.<\/p>\n\n\n<div class=\"wp-block-image\">\n<figure class=\"aligncenter size-large\"><img loading=\"lazy\" decoding=\"async\" width=\"683\" height=\"1024\" src=\"https:\/\/boulevardbd.com\/wp-content\/uploads\/2026\/08\/Oneira-lere-des-souverains2-2-683x1024.jpg\" alt=\"\" class=\"wp-image-12151\" srcset=\"https:\/\/boulevardbd.com\/wp-content\/uploads\/2026\/08\/Oneira-lere-des-souverains2-2-683x1024.jpg 683w, https:\/\/boulevardbd.com\/wp-content\/uploads\/2026\/08\/Oneira-lere-des-souverains2-2-200x300.jpg 200w, https:\/\/boulevardbd.com\/wp-content\/uploads\/2026\/08\/Oneira-lere-des-souverains2-2-768x1152.jpg 768w, https:\/\/boulevardbd.com\/wp-content\/uploads\/2026\/08\/Oneira-lere-des-souverains2-2-1024x1536.jpg 1024w, https:\/\/boulevardbd.com\/wp-content\/uploads\/2026\/08\/Oneira-lere-des-souverains2-2-1365x2048.jpg 1365w, https:\/\/boulevardbd.com\/wp-content\/uploads\/2026\/08\/Oneira-lere-des-souverains2-2-scaled.jpg 1706w\" sizes=\"auto, (max-width: 683px) 100vw, 683px\" \/><figcaption class=\"wp-element-caption\"><strong>\u00a9 2026 Federica Di Meo (Arancia Studio) &#8211; Cab &#8211; KANA<\/strong><\/figcaption><\/figure>\n<\/div>\n\n\n<p class=\"wp-block-paragraph\">Cab et Federica Di Meo tiennent toutes leurs promesses pour ce deuxi\u00e8me tome du deuxi\u00e8me cycle d\u2019Oneira. En fin de volume, un long entretien avec les auteurs nous en apprend plus sur eux. Si Fede ne se sent pas l\u2019\u00e9toffe d\u2019une \u00e9peire dans ce monde, Cab se verrait bien conteur, remarquant que c\u2019est ce qu\u2019il fait d\u00e9j\u00e0. Comme sc\u00e9nario, Cab fournit \u00e0 sa dessinatrice comme un script de film, avec des dialogues tr\u00e8s d\u00e9taill\u00e9s et des suggestions de plans, qu\u2019elle peut modifier si elle trouve quelque chose qui fonctionne mieux pour optimiser la narration. Les auteurs y reviennent sur la place des femmes dans leur manga et dans le genre.<\/p>\n\n\n<div class=\"wp-block-image\">\n<figure class=\"aligncenter size-large\"><img loading=\"lazy\" decoding=\"async\" width=\"684\" height=\"1024\" src=\"https:\/\/boulevardbd.com\/wp-content\/uploads\/2026\/08\/Oneira-lere-des-souverains2-3-684x1024.jpg\" alt=\"\" class=\"wp-image-12152\" srcset=\"https:\/\/boulevardbd.com\/wp-content\/uploads\/2026\/08\/Oneira-lere-des-souverains2-3-684x1024.jpg 684w, https:\/\/boulevardbd.com\/wp-content\/uploads\/2026\/08\/Oneira-lere-des-souverains2-3-200x300.jpg 200w, https:\/\/boulevardbd.com\/wp-content\/uploads\/2026\/08\/Oneira-lere-des-souverains2-3-768x1150.jpg 768w, https:\/\/boulevardbd.com\/wp-content\/uploads\/2026\/08\/Oneira-lere-des-souverains2-3-1026x1536.jpg 1026w, https:\/\/boulevardbd.com\/wp-content\/uploads\/2026\/08\/Oneira-lere-des-souverains2-3-1368x2048.jpg 1368w, https:\/\/boulevardbd.com\/wp-content\/uploads\/2026\/08\/Oneira-lere-des-souverains2-3-scaled.jpg 1709w\" sizes=\"auto, (max-width: 684px) 100vw, 684px\" \/><figcaption class=\"wp-element-caption\"><strong>\u00a9 2026 Federica Di Meo (Arancia Studio) &#8211; Cab &#8211; KANA<\/strong><\/figcaption><\/figure>\n<\/div>\n\n\n<p class=\"wp-block-paragraph\">L\u2019univers d\u2019Oneira est dense. Un trombinoscope des personnages en d\u00e9but de tome serait \u00e0 pr\u00e9sent bienvenu. Avec Oneira, la Manga Dark Fantasy europ\u00e9enne a de beaux jours devant elle.<\/p>\n\n\n\n<hr class=\"wp-block-separator has-alpha-channel-opacity\"\/>\n\n\n\n<p class=\"wp-block-paragraph\"><strong>S\u00e9rie :<\/strong> Oneira L\u2019\u00e8re des souverains<\/p>\n\n\n\n<p class=\"wp-block-paragraph\"><strong>Tome&nbsp;:<\/strong> 2 \u2013 Le spectre d\u2019antan<\/p>\n\n\n\n<p class=\"wp-block-paragraph\"><strong>Genre&nbsp;:<\/strong> Dark Fantasy<\/p>\n\n\n\n<p class=\"wp-block-paragraph\"><strong>Sc\u00e9nario&nbsp;:<\/strong> Cab<\/p>\n\n\n\n<p class=\"wp-block-paragraph\"><strong>Dessins&nbsp;:<\/strong> Federica Di Meo<\/p>\n\n\n\n<p class=\"wp-block-paragraph\"><strong>\u00c9diteur :<\/strong> Kana<\/p>\n\n\n\n<p class=\"wp-block-paragraph\"><strong>Collection :<\/strong> Dark Kana<\/p>\n\n\n\n<p class=\"wp-block-paragraph\"><strong>ISBN&nbsp;:<\/strong> 978250512\u2026<\/p>\n\n\n\n<p class=\"wp-block-paragraph\"><strong>Nombre de pages :<\/strong> 192<\/p>\n\n\n\n<p class=\"wp-block-paragraph\"><strong>Prix :<\/strong> 8,10 \u20ac<\/p>\n\n\n\n<hr class=\"wp-block-separator has-alpha-channel-opacity\"\/>\n","protected":false},"excerpt":{"rendered":"<p>Apprentissage et cauchemars \u00ab\u00a0-Membres du Salice, si j\u2019ai exig\u00e9 votre pr\u00e9sence aujourd\u2019hui, c\u2019est parce que nos alli\u00e9s du royaume de Martel courent un grave danger. De terribles attaques ont eu lieu \u00e0 nos fronti\u00e8res avec Martel, et j\u2019estime qu\u2019il est de notre devoir de venir en aide \u00e0 nos voisins, qui se trouvent actuellement dans &#8230; <a href=\"https:\/\/boulevardbd.com\/index.php\/2026\/09\/02\/oneira-lere-des-souverains-2-le-spectre-dantan\/\" class=\"more-link\">Lire plus<span class=\"screen-reader-text\"> \u00ab\u00a0Oneira L\u2019\u00e8re des souverains 2 \u2013 Le spectre d\u2019antan\u00a0\u00bb<\/span> &raquo;<\/a><\/p>\n","protected":false},"author":1,"featured_media":12149,"comment_status":"open","ping_status":"open","sticky":false,"template":"","format":"standard","meta":{"content-type":"","advanced_seo_description":"","jetpack_seo_html_title":"","jetpack_seo_noindex":false,"jetpack_seo_schema_type":"","_jetpack_newsletter_access":"","_jetpack_dont_email_post_to_subs":false,"_jetpack_newsletter_tier_id":0,"_jetpack_memberships_contains_paywalled_content":false,"_jetpack_memberships_contains_paid_content":false,"footnotes":""},"categories":[16,329,262],"tags":[309,144],"class_list":["post-12148","post","type-post","status-publish","format-standard","has-post-thumbnail","hentry","category-chroniques","category-heroic-fantasy","category-manga","tag-editions-kana","tag-manga"],"jetpack_sharing_enabled":true,"jetpack_featured_media_url":"https:\/\/boulevardbd.com\/wp-content\/uploads\/2026\/08\/Oneira-lere-des-souverains2-4.jpg","_links":{"self":[{"href":"https:\/\/boulevardbd.com\/index.php\/wp-json\/wp\/v2\/posts\/12148","targetHints":{"allow":["GET"]}}],"collection":[{"href":"https:\/\/boulevardbd.com\/index.php\/wp-json\/wp\/v2\/posts"}],"about":[{"href":"https:\/\/boulevardbd.com\/index.php\/wp-json\/wp\/v2\/types\/post"}],"author":[{"embeddable":true,"href":"https:\/\/boulevardbd.com\/index.php\/wp-json\/wp\/v2\/users\/1"}],"replies":[{"embeddable":true,"href":"https:\/\/boulevardbd.com\/index.php\/wp-json\/wp\/v2\/comments?post=12148"}],"version-history":[{"count":1,"href":"https:\/\/boulevardbd.com\/index.php\/wp-json\/wp\/v2\/posts\/12148\/revisions"}],"predecessor-version":[{"id":12153,"href":"https:\/\/boulevardbd.com\/index.php\/wp-json\/wp\/v2\/posts\/12148\/revisions\/12153"}],"wp:featuredmedia":[{"embeddable":true,"href":"https:\/\/boulevardbd.com\/index.php\/wp-json\/wp\/v2\/media\/12149"}],"wp:attachment":[{"href":"https:\/\/boulevardbd.com\/index.php\/wp-json\/wp\/v2\/media?parent=12148"}],"wp:term":[{"taxonomy":"category","embeddable":true,"href":"https:\/\/boulevardbd.com\/index.php\/wp-json\/wp\/v2\/categories?post=12148"},{"taxonomy":"post_tag","embeddable":true,"href":"https:\/\/boulevardbd.com\/index.php\/wp-json\/wp\/v2\/tags?post=12148"}],"curies":[{"name":"wp","href":"https:\/\/api.w.org\/{rel}","templated":true}]}}